{"id":18879,"date":"2015-01-25T16:31:30","date_gmt":"2015-01-25T14:31:30","guid":{"rendered":"https:\/\/www.giurgiuveanul.ro\/stiri\/?p=18879"},"modified":"2015-01-25T16:31:30","modified_gmt":"2015-01-25T14:31:30","slug":"cum-va-fi-vremea-la-giurgiu-4","status":"publish","type":"post","link":"https:\/\/www.giurgiuveanul.ro\/stiri\/cum-va-fi-vremea-la-giurgiu-4\/","title":{"rendered":"Cum va fi vremea la Giurgiu"},"content":{"rendered":"<p style=\"text-align: justify;\"><a href=\"https:\/\/www.giurgiuveanul.ro\/stiri\/wp-content\/uploads\/2015\/01\/IMG_6688.jpg\"><img loading=\"lazy\" decoding=\"async\" class=\"aligncenter size-large wp-image-18880\" src=\"https:\/\/www.giurgiuveanul.ro\/stiri\/wp-content\/uploads\/2015\/01\/IMG_6688-560x384.jpg\" alt=\"IMG_6688\" width=\"560\" height=\"384\" srcset=\"https:\/\/www.giurgiuveanul.ro\/stiri\/wp-content\/uploads\/2015\/01\/IMG_6688-560x384.jpg 560w, https:\/\/www.giurgiuveanul.ro\/stiri\/wp-content\/uploads\/2015\/01\/IMG_6688-250x171.jpg 250w, https:\/\/www.giurgiuveanul.ro\/stiri\/wp-content\/uploads\/2015\/01\/IMG_6688-400x274.jpg 400w, https:\/\/www.giurgiuveanul.ro\/stiri\/wp-content\/uploads\/2015\/01\/IMG_6688.jpg 806w\" sizes=\"auto, (max-width: 560px) 100vw, 560px\" \/><\/a>Meteorologii au informat c\u0103 \u00een majoritatea regiunilor \u0163\u0103rii sunt a\u015fteptate <!--more-->precipita\u0163ii, \u00een intervalul duminic\u0103, ora 18.00 &#8211; luni, ora 16.00, pentru\u00a0Moldova, Transilvania \u015fi zonele de deal \u015fi munte fiind anun\u0163ate ninsori, conform unei avetiz\u0103ri din aceast\u0103 diminea\u0163\u0103.<\/p>\n<p style=\"text-align: justify;\">De asemenea, vor fi condi\u0163ii de polei, iar v\u00e2ntul va avea intensific\u0103ri temporare \u00een sud-estul \u0163\u0103rii, cu viteze ce vor atinge la rafal\u0103 40-50 de kilometri pe or\u0103.<\/p>\n","protected":false},"excerpt":{"rendered":"<p>Meteorologii au informat c\u0103 \u00een majoritatea regiunilor \u0163\u0103rii sunt a\u015fteptate<\/p>\n","protected":false},"author":2,"featured_media":0,"comment_status":"open","ping_status":"open","sticky":false,"template":"","format":"standard","meta":{"footnotes":""},"categories":[6],"tags":[],"class_list":["post-18879","post","type-post","status-publish","format-standard","hentry","category-breaking-news"],"_links":{"self":[{"href":"https:\/\/www.giurgiuveanul.ro\/stiri\/wp-json\/wp\/v2\/posts\/18879","targetHints":{"allow":["GET"]}}],"collection":[{"href":"https:\/\/www.giurgiuveanul.ro\/stiri\/wp-json\/wp\/v2\/posts"}],"about":[{"href":"https:\/\/www.giurgiuveanul.ro\/stiri\/wp-json\/wp\/v2\/types\/post"}],"author":[{"embeddable":true,"href":"https:\/\/www.giurgiuveanul.ro\/stiri\/wp-json\/wp\/v2\/users\/2"}],"replies":[{"embeddable":true,"href":"https:\/\/www.giurgiuveanul.ro\/stiri\/wp-json\/wp\/v2\/comments?post=18879"}],"version-history":[{"count":0,"href":"https:\/\/www.giurgiuveanul.ro\/stiri\/wp-json\/wp\/v2\/posts\/18879\/revisions"}],"wp:attachment":[{"href":"https:\/\/www.giurgiuveanul.ro\/stiri\/wp-json\/wp\/v2\/media?parent=18879"}],"wp:term":[{"taxonomy":"category","embeddable":true,"href":"https:\/\/www.giurgiuveanul.ro\/stiri\/wp-json\/wp\/v2\/categories?post=18879"},{"taxonomy":"post_tag","embeddable":true,"href":"https:\/\/www.giurgiuveanul.ro\/stiri\/wp-json\/wp\/v2\/tags?post=18879"}],"curies":[{"name":"wp","href":"https:\/\/api.w.org\/{rel}","templated":true}]}}