{"id":18887,"date":"2015-01-26T13:28:12","date_gmt":"2015-01-26T11:28:12","guid":{"rendered":"https:\/\/www.giurgiuveanul.ro\/stiri\/?p=18887"},"modified":"2015-01-26T13:28:12","modified_gmt":"2015-01-26T11:28:12","slug":"evitat-balotul-de-paie-si-intrat-in-sant","status":"publish","type":"post","link":"https:\/\/www.giurgiuveanul.ro\/stiri\/evitat-balotul-de-paie-si-intrat-in-sant\/","title":{"rendered":"A evitat balotul de paie \u015fi a intrat \u00een \u015fan\u0163!"},"content":{"rendered":"<p style=\"text-align: justify;\"><a href=\"https:\/\/www.giurgiuveanul.ro\/stiri\/wp-content\/uploads\/2015\/01\/oathay.jpg\"><img loading=\"lazy\" decoding=\"async\" class=\"aligncenter size-full wp-image-18888\" src=\"https:\/\/www.giurgiuveanul.ro\/stiri\/wp-content\/uploads\/2015\/01\/oathay.jpg\" alt=\"oathay\" width=\"400\" height=\"286\" srcset=\"https:\/\/www.giurgiuveanul.ro\/stiri\/wp-content\/uploads\/2015\/01\/oathay.jpg 400w, https:\/\/www.giurgiuveanul.ro\/stiri\/wp-content\/uploads\/2015\/01\/oathay-250x179.jpg 250w\" sizes=\"auto, (max-width: 400px) 100vw, 400px\" \/><\/a>S-a \u00eent\u00e2mplat pe Drumul Na\u0163ional 5, ieri la ora 07.05, \u00een afara localit\u0103\u0163ii Plop\u015foru, comuna Daia, jude\u0163ul Giurgiu,\u00a0 un conduc\u0103tor auto \u00een v\u00e2rst\u0103 de 55 ani, din municipiul Giurgiu, \u00een timp ce conducea autoturismul, din direc\u0163ia Giurgiu c\u0103tre Bucure\u015fti, a<!--more--> \u00eencercat s\u0103 evite un obstacol ap\u0103rut pe partea carosabil\u0103 (balot de paie), a derapat \u015fi a intrat cu ma\u015fina \u00een \u015fan\u0163ul de pe marginea drumului a celuilalt sens de mers.<\/p>\n<p style=\"text-align: justify;\">In urma accidentului a rezultat r\u0103nirea u\u015foar\u0103 a unei femei de 50 ani, din municipiul Giurgiu, pasager\u0103 pe bancheta din spate, care a fost transportat\u0103 cu ambulan\u0163a la Spitalul Jude\u0163ean de Urgen\u0163\u0103 Giurgiu pentru \u00eengrijiri medicale, f\u0103r\u0103 ca aceasta s\u0103 r\u0103m\u00e2n\u0103 internat\u0103.<\/p>\n<p style=\"text-align: justify;\">Conduc\u0103torul autoturismului a fost testat cu aparatul etilo-test, rezultatul fiind negativ, i s-au recoltat probe biologice de s\u00e2nge \u00een vederea stabilirii alcoolemiei.<\/p>\n<p style=\"text-align: justify;\">Poli\u0163i\u015ftii au deschis \u00een cauz\u0103 un dosar penal pentru comiterea infrac\u0163iunii de v\u0103t\u0103mare corporal\u0103 din culp\u0103.<\/p>\n","protected":false},"excerpt":{"rendered":"<p>S-a \u00eent\u00e2mplat pe Drumul Na\u0163ional 5, ieri la ora 07.05, \u00een afara localit\u0103\u0163ii Plop\u015foru, comuna Daia, jude\u0163ul Giurgiu,\u00a0 un conduc\u0103tor auto \u00een v\u00e2rst\u0103 de 55 ani, din municipiul Giurgiu, \u00een timp ce conducea autoturismul, din direc\u0163ia Giurgiu c\u0103tre Bucure\u015fti, a<\/p>\n","protected":false},"author":2,"featured_media":0,"comment_status":"open","ping_status":"open","sticky":false,"template":"","format":"standard","meta":{"footnotes":""},"categories":[6],"tags":[],"class_list":["post-18887","post","type-post","status-publish","format-standard","hentry","category-breaking-news"],"_links":{"self":[{"href":"https:\/\/www.giurgiuveanul.ro\/stiri\/wp-json\/wp\/v2\/posts\/18887","targetHints":{"allow":["GET"]}}],"collection":[{"href":"https:\/\/www.giurgiuveanul.ro\/stiri\/wp-json\/wp\/v2\/posts"}],"about":[{"href":"https:\/\/www.giurgiuveanul.ro\/stiri\/wp-json\/wp\/v2\/types\/post"}],"author":[{"embeddable":true,"href":"https:\/\/www.giurgiuveanul.ro\/stiri\/wp-json\/wp\/v2\/users\/2"}],"replies":[{"embeddable":true,"href":"https:\/\/www.giurgiuveanul.ro\/stiri\/wp-json\/wp\/v2\/comments?post=18887"}],"version-history":[{"count":0,"href":"https:\/\/www.giurgiuveanul.ro\/stiri\/wp-json\/wp\/v2\/posts\/18887\/revisions"}],"wp:attachment":[{"href":"https:\/\/www.giurgiuveanul.ro\/stiri\/wp-json\/wp\/v2\/media?parent=18887"}],"wp:term":[{"taxonomy":"category","embeddable":true,"href":"https:\/\/www.giurgiuveanul.ro\/stiri\/wp-json\/wp\/v2\/categories?post=18887"},{"taxonomy":"post_tag","embeddable":true,"href":"https:\/\/www.giurgiuveanul.ro\/stiri\/wp-json\/wp\/v2\/tags?post=18887"}],"curies":[{"name":"wp","href":"https:\/\/api.w.org\/{rel}","templated":true}]}}