{"id":18897,"date":"2015-01-26T14:58:59","date_gmt":"2015-01-26T12:58:59","guid":{"rendered":"https:\/\/www.giurgiuveanul.ro\/stiri\/?p=18897"},"modified":"2015-01-26T14:58:59","modified_gmt":"2015-01-26T12:58:59","slug":"elevii-giurgiuveni-nu-au-avut-reactii-adverse-la-vaccinul-diftero-tetanic","status":"publish","type":"post","link":"https:\/\/www.giurgiuveanul.ro\/stiri\/elevii-giurgiuveni-nu-au-avut-reactii-adverse-la-vaccinul-diftero-tetanic\/","title":{"rendered":"Elevii giurgiuveni nu au avut reac\u021bii adverse la vaccinul diftero-tetanic"},"content":{"rendered":"<p style=\"text-align: justify;\"><a href=\"https:\/\/www.giurgiuveanul.ro\/stiri\/wp-content\/uploads\/2015\/01\/vaccin-elev.jpg\"><img loading=\"lazy\" decoding=\"async\" class=\"aligncenter size-large wp-image-18898\" src=\"https:\/\/www.giurgiuveanul.ro\/stiri\/wp-content\/uploads\/2015\/01\/vaccin-elev-469x450.jpg\" alt=\"vaccin-elev\" width=\"469\" height=\"450\" srcset=\"https:\/\/www.giurgiuveanul.ro\/stiri\/wp-content\/uploads\/2015\/01\/vaccin-elev-469x450.jpg 469w, https:\/\/www.giurgiuveanul.ro\/stiri\/wp-content\/uploads\/2015\/01\/vaccin-elev-250x240.jpg 250w, https:\/\/www.giurgiuveanul.ro\/stiri\/wp-content\/uploads\/2015\/01\/vaccin-elev-400x384.jpg 400w, https:\/\/www.giurgiuveanul.ro\/stiri\/wp-content\/uploads\/2015\/01\/vaccin-elev.jpg 500w\" sizes=\"auto, (max-width: 469px) 100vw, 469px\" \/><\/a>\u00cen jude\u0163ul Giurgiu nu s-a \u00eenregistrat nicio reac\u021bie advers\u0103 la vaccinul diftero-tetanic, spre deosebire de alte jude\u021be, printre care Bac\u0103u \u0219i Arge\u0219, unde zeci de copii au ajuns la spital, dup\u0103 ce le-a fost administrat acest ser, acuz\u00e2nd st\u0103ri de vom\u0103, ame\u021beli \u0219i dureri \u00een bra\u021bul unde a fost f\u0103cut vaccinul. Directorul Direc\u021biei de S\u0103n\u0103tate Public\u0103 Giurgiu, <!--more-->medicul Paul Marinescu, ne-a declarat c\u0103 \u00een jude\u021bul nostru nu au fost semnalate reac\u021bii adverse \u00een urma administr\u0103rii acestui vaccin. Ministerul S\u0103n\u0103t\u0103\u0163ii a decis oprirea de la utilizare a dou\u0103 loturi de vaccin diftero-tetanic dup\u0103 ce au fost \u00eenregistrate 53 posibile reac\u0163ii adverse post-vaccinare (RAPI) \u00een 5 jude\u0163e, dintre acestea 41 de cazuri fiind vaccinate cu dou\u0103 loturi de vaccin achizi\u0163ionate \u00een anii 2013-2014.<\/p>\n<p style=\"text-align: justify;\">La Giurgiu, sus\u0163ine directorul Direc\u0163iei de S\u0103n\u0103tate Public\u0103, dr. Paul Marinescu, nu s-au semnalat reac\u0163ii adverse post-vaccinare \u00een r\u00e2ndul elevilor \u015fi nici nu au ajuns doze de vaccin din loturile retrase de Ministerul S\u0103n\u0103t\u0103\u0163ii.<\/p>\n<p style=\"text-align: justify;\">Direc\u0163ia de S\u0103n\u0103tate Public\u0103 Bac\u0103u a declan\u015fat, joi, o anchet\u0103 dup\u0103 ce 18 elevi de clasa a VIII-a au ajuns la spital dup\u0103 ce au fost vaccina\u0163i diftero-tetanic, \u00een cadrul campaniei na\u0163ionale de imunizare \u00eempotriva tetanosului \u015fi difteriei. Al\u0163i nou\u0103 elevi de la o \u015fcoal\u0103 din Curtea de Arge\u015f au ajuns la spital, mar\u0163i sear\u0103, cu st\u0103ri de r\u0103u dup\u0103 ce au fost vaccina\u0163i cu acela\u015fi ser. Ministerul S\u0103n\u0103t\u0103\u0163ii a decis oprirea celor dou\u0103 loturi identificate de la utilizare p\u00e2n\u0103 la ob\u0163inerea rezultatelor analizei de calitate care va fi efectuat\u0103 de Agen\u0163ia Na\u0163ional\u0103 a Medicamentului \u015fi a Dispozitivelor Medicale.<\/p>\n<p style=\"text-align: justify;\">\u201e La solicitarea Ministerului S\u0103n\u0103t\u0103\u0163ii, Centrul Na\u0163ional de Supraveghere \u015fi Control al Bolilor Transmisibile din cadrul Institutului Na\u0163ional de S\u0103n\u0103tate Public\u0103 Bucure\u015fti a efectuat o analiz\u0103 cu privire la posibilele reac\u0163ii adverse \u00eenregistrate \u00een urma utiliz\u0103rii vaccinului diftero-tetanic care se administreaz\u0103, gratuit, elevilor de clasa a VIII-a \u00een cadrul Calendarului obligatoriu de vaccinare. \u00cen urma analizei s-a constatat c\u0103 au fost \u00eenregistrate un num\u0103r de 53 posibile reac\u0163ii adverse post-vaccinare (RAPI) \u00een 5 jude\u0163e. Din aceste 53 cazuri, un num\u0103r de 41 cazuri au fost vaccinate cu 2 loturi de vaccin achizi\u0163ionate \u00een anii 2013 \u015fi 2014. Toate posibilele cazuri de RAPI se afl\u0103 \u00een investigare. Pentru a se exclude problemele de calitate ale produsului vaccinal, Ministerul S\u0103n\u0103t\u0103\u0163ii a decis oprirea celor 2 loturi identificate de la utilizare p\u00e2n\u0103 la ob\u0163inerea rezultatelor analizei de calitate care va fi efectuat\u0103 de c\u0103tre Agen\u0163ia Na\u0163ional\u0103 a Medicamentului \u015fi a Dispozitivelor Medicale\u201d, au afirmat reprezentan\u0163ii Ministerului S\u0103n\u0103t\u0103\u0163ii. P\u00e2n\u0103 \u00een prezent au fost \u00eenregistrate manifest\u0103ri \u201eu\u015foare \u015fi tranzitorii\u201d care s-au remis spontan \u015fi nu au pus \u00een pericol s\u0103n\u0103tatea elevilor.<\/p>\n<p><em>\u00a0<\/em><\/p>\n<p><em>Marcela Petcu<\/em><\/p>\n","protected":false},"excerpt":{"rendered":"<p>\u00cen jude\u0163ul Giurgiu nu s-a \u00eenregistrat nicio reac\u021bie advers\u0103 la vaccinul diftero-tetanic, spre deosebire de alte jude\u021be, printre care Bac\u0103u \u0219i Arge\u0219, unde zeci de copii au ajuns la spital, dup\u0103 ce le-a fost administrat acest ser, acuz\u00e2nd st\u0103ri de vom\u0103, ame\u021beli \u0219i dureri \u00een bra\u021bul unde a fost f\u0103cut vaccinul. Directorul Direc\u021biei de S\u0103n\u0103tate [&hellip;]<\/p>\n","protected":false},"author":2,"featured_media":0,"comment_status":"open","ping_status":"open","sticky":false,"template":"","format":"standard","meta":{"footnotes":""},"categories":[6],"tags":[],"class_list":["post-18897","post","type-post","status-publish","format-standard","hentry","category-breaking-news"],"_links":{"self":[{"href":"https:\/\/www.giurgiuveanul.ro\/stiri\/wp-json\/wp\/v2\/posts\/18897","targetHints":{"allow":["GET"]}}],"collection":[{"href":"https:\/\/www.giurgiuveanul.ro\/stiri\/wp-json\/wp\/v2\/posts"}],"about":[{"href":"https:\/\/www.giurgiuveanul.ro\/stiri\/wp-json\/wp\/v2\/types\/post"}],"author":[{"embeddable":true,"href":"https:\/\/www.giurgiuveanul.ro\/stiri\/wp-json\/wp\/v2\/users\/2"}],"replies":[{"embeddable":true,"href":"https:\/\/www.giurgiuveanul.ro\/stiri\/wp-json\/wp\/v2\/comments?post=18897"}],"version-history":[{"count":0,"href":"https:\/\/www.giurgiuveanul.ro\/stiri\/wp-json\/wp\/v2\/posts\/18897\/revisions"}],"wp:attachment":[{"href":"https:\/\/www.giurgiuveanul.ro\/stiri\/wp-json\/wp\/v2\/media?parent=18897"}],"wp:term":[{"taxonomy":"category","embeddable":true,"href":"https:\/\/www.giurgiuveanul.ro\/stiri\/wp-json\/wp\/v2\/categories?post=18897"},{"taxonomy":"post_tag","embeddable":true,"href":"https:\/\/www.giurgiuveanul.ro\/stiri\/wp-json\/wp\/v2\/tags?post=18897"}],"curies":[{"name":"wp","href":"https:\/\/api.w.org\/{rel}","templated":true}]}}