{"id":19121,"date":"2015-02-05T15:36:22","date_gmt":"2015-02-05T13:36:22","guid":{"rendered":"https:\/\/www.giurgiuveanul.ro\/stiri\/?p=19121"},"modified":"2015-02-05T15:36:22","modified_gmt":"2015-02-05T13:36:22","slug":"ultima-ora-cod-galben-de-ninsori-si-viscol-la-giurgiu","status":"publish","type":"post","link":"https:\/\/www.giurgiuveanul.ro\/stiri\/ultima-ora-cod-galben-de-ninsori-si-viscol-la-giurgiu\/","title":{"rendered":"ULTIMA OR\u0102! COD GALBEN de ninsori \u015fi viscol la Giurgiu!"},"content":{"rendered":"<p style=\"text-align: justify;\"><a href=\"https:\/\/www.giurgiuveanul.ro\/stiri\/wp-content\/uploads\/2015\/02\/cod-galben.jpg\"><img loading=\"lazy\" decoding=\"async\" class=\"aligncenter size-large wp-image-19122\" src=\"https:\/\/www.giurgiuveanul.ro\/stiri\/wp-content\/uploads\/2015\/02\/cod-galben-560x405.jpg\" alt=\"cod galben\" width=\"560\" height=\"405\" srcset=\"https:\/\/www.giurgiuveanul.ro\/stiri\/wp-content\/uploads\/2015\/02\/cod-galben-560x405.jpg 560w, https:\/\/www.giurgiuveanul.ro\/stiri\/wp-content\/uploads\/2015\/02\/cod-galben-250x181.jpg 250w, https:\/\/www.giurgiuveanul.ro\/stiri\/wp-content\/uploads\/2015\/02\/cod-galben-400x290.jpg 400w, https:\/\/www.giurgiuveanul.ro\/stiri\/wp-content\/uploads\/2015\/02\/cod-galben.jpg 800w\" sizes=\"auto, (max-width: 560px) 100vw, 560px\" \/><\/a>Potrivit avertiz\u0103rii transmise de Administra\u0163ia Na\u0163ional\u0103 de Meteorologie, \u00een a doua parte a zilei de vineri, 6 februarie 2015, \u015fi la \u00eenceputul nop\u0163ii de vineri spre s\u00e2mb\u0103t\u0103, aria ninsorilor va cuprinde treptat zona<!--more--> Mun\u0163ilor Banatului \u015fi cea mai mare parte a Olteniei, Carpa\u0163ilor Meridionali \u015fi de Curbur\u0103. Ninsorile se vor extinde \u015fi \u00een Muntenia \u015fi Dobrogea, unde va continua s\u0103 ning\u0103, \u00een general slab, p\u00e2n\u0103 s\u00e2mb\u0103t\u0103 dup\u0103-amiaz\u0103.<\/p>\n<p style=\"text-align: justify;\">V\u00e2ntul va avea intensific\u0103ri temporare, viscolind \u015fi spulber\u00e2nd z\u0103pada, \u00een regiunile sudice, dar \u015fi la munte, unde va atinge la rafal\u0103 peste 50-60 de kilometri pe or\u0103, iar \u00een sudul Banatului, 80 de kilometri pe or\u0103. V\u00e2ntul se va diminua \u00een intensitate \u00een cursul zilei de s\u00e2mb\u0103t\u0103.<\/p>\n<p style=\"text-align: justify;\">\u00cen regiunile sudice, v\u00e2ntul se va intensifica de vineri diminea\u0163\u0103, iar ninsori, \u00een general slabe cantitativ, vor fi local \u015fi \u00een restul teritoriului, a precizat ANM.<\/p>\n<p style=\"text-align: justify;\">Avertizarea cod galben a fost emis\u0103 pentru Bucure\u015fti \u015fi jude\u0163ele Ilfov, Ialomi\u0163a, C\u0103l\u0103ra\u015fi, Constan\u0163a, Tulcea, Br\u0103ila, Buz\u0103u, Vrancea, Prahova, D\u00e2mbovi\u0163a, Giurgiu, Teleorman, Arge\u015f, Olt, Dolj, V\u00e2lcea, Gorj, Mehedin\u0163i, Cara\u015f-Severin, Timi\u015f, Hunedoara, Sibiu, Bra\u015fov \u015fi Covasna.<\/p>\n<p style=\"text-align: justify;\">\n","protected":false},"excerpt":{"rendered":"<p>Potrivit avertiz\u0103rii transmise de Administra\u0163ia Na\u0163ional\u0103 de Meteorologie, \u00een a doua parte a zilei de vineri, 6 februarie 2015, \u015fi la \u00eenceputul nop\u0163ii de vineri spre s\u00e2mb\u0103t\u0103, aria ninsorilor va cuprinde treptat zona<\/p>\n","protected":false},"author":2,"featured_media":0,"comment_status":"open","ping_status":"open","sticky":false,"template":"","format":"standard","meta":{"footnotes":""},"categories":[6],"tags":[],"class_list":["post-19121","post","type-post","status-publish","format-standard","hentry","category-breaking-news"],"_links":{"self":[{"href":"https:\/\/www.giurgiuveanul.ro\/stiri\/wp-json\/wp\/v2\/posts\/19121","targetHints":{"allow":["GET"]}}],"collection":[{"href":"https:\/\/www.giurgiuveanul.ro\/stiri\/wp-json\/wp\/v2\/posts"}],"about":[{"href":"https:\/\/www.giurgiuveanul.ro\/stiri\/wp-json\/wp\/v2\/types\/post"}],"author":[{"embeddable":true,"href":"https:\/\/www.giurgiuveanul.ro\/stiri\/wp-json\/wp\/v2\/users\/2"}],"replies":[{"embeddable":true,"href":"https:\/\/www.giurgiuveanul.ro\/stiri\/wp-json\/wp\/v2\/comments?post=19121"}],"version-history":[{"count":0,"href":"https:\/\/www.giurgiuveanul.ro\/stiri\/wp-json\/wp\/v2\/posts\/19121\/revisions"}],"wp:attachment":[{"href":"https:\/\/www.giurgiuveanul.ro\/stiri\/wp-json\/wp\/v2\/media?parent=19121"}],"wp:term":[{"taxonomy":"category","embeddable":true,"href":"https:\/\/www.giurgiuveanul.ro\/stiri\/wp-json\/wp\/v2\/categories?post=19121"},{"taxonomy":"post_tag","embeddable":true,"href":"https:\/\/www.giurgiuveanul.ro\/stiri\/wp-json\/wp\/v2\/tags?post=19121"}],"curies":[{"name":"wp","href":"https:\/\/api.w.org\/{rel}","templated":true}]}}