{"id":19124,"date":"2015-02-05T18:17:37","date_gmt":"2015-02-05T16:17:37","guid":{"rendered":"https:\/\/www.giurgiuveanul.ro\/stiri\/?p=19124"},"modified":"2015-02-05T18:17:37","modified_gmt":"2015-02-05T16:17:37","slug":"razvan-cuc-si-clement-ilie-critica-numirea-lui-buduru-la-muzeul-judetean-giurgiu","status":"publish","type":"post","link":"https:\/\/www.giurgiuveanul.ro\/stiri\/razvan-cuc-si-clement-ilie-critica-numirea-lui-buduru-la-muzeul-judetean-giurgiu\/","title":{"rendered":"R\u0103zvan Cuc \u015fi Clement Ilie critic\u0103 numirea lui Buduru la Muzeul Jude\u0163ean Giurgiu"},"content":{"rendered":"<p style=\"text-align: justify;\"><em><a href=\"https:\/\/www.giurgiuveanul.ro\/stiri\/wp-content\/uploads\/2015\/02\/20150205-P1040532.jpg\"><img loading=\"lazy\" decoding=\"async\" class=\"aligncenter size-large wp-image-19125\" src=\"https:\/\/www.giurgiuveanul.ro\/stiri\/wp-content\/uploads\/2015\/02\/20150205-P1040532-560x381.jpg\" alt=\"20150205-P1040532\" width=\"560\" height=\"381\" srcset=\"https:\/\/www.giurgiuveanul.ro\/stiri\/wp-content\/uploads\/2015\/02\/20150205-P1040532-560x381.jpg 560w, https:\/\/www.giurgiuveanul.ro\/stiri\/wp-content\/uploads\/2015\/02\/20150205-P1040532-250x170.jpg 250w, https:\/\/www.giurgiuveanul.ro\/stiri\/wp-content\/uploads\/2015\/02\/20150205-P1040532-400x272.jpg 400w, https:\/\/www.giurgiuveanul.ro\/stiri\/wp-content\/uploads\/2015\/02\/20150205-P1040532.jpg 800w\" sizes=\"auto, (max-width: 560px) 100vw, 560px\" \/><\/a>\u201eSperam s\u0103 g\u0103sim un tehnocrat pe care s\u0103-l promov\u0103m \u00een aceast\u0103 func\u0163ie\u201d,<\/em> acestea sunt cuvintele cu care consilierul jude\u0163ean R\u0103zvan Cuc, purt\u0103torul de cuv\u00e2nt al PSD Giurgiu, a descris proasp\u0103ta numire a lui Constantin Buduru \u00een func\u021bia de manager al Muzeului Jude\u0163ean \u201eTeohari Antonescu\u201d.<\/p>\n<p style=\"text-align: justify;\">Reprezentantul social-democra\u0163ilor giurgiuveni nu <!--more-->vede cu ochi buni aceast\u0103 numire \u015fi sus\u021bine c\u0103 ea a fost f\u0103cut\u0103 doar pentru ca noul director s\u0103 voteze \u00een Consiliul Jude\u0163ean proiectele promovate de pre\u015fedintele Vasile Must\u0103\u0163ea, \u015fi nu pe criterii de profesionalism.<\/p>\n<p style=\"text-align: justify;\">R\u0103zvan Cuc consider\u0103 c\u0103 func\u0163ia respectiv\u0103 a fost ob\u0163inut\u0103 <em>\u201etranzac\u0163ion\u00e2nd cultura\u201d<\/em>\u00a0 \u015fi c\u0103 nu este singurul caz \u00een care un consilier\u00a0 cade \u201evictim\u0103\u201d \u00een jocurile lui Vasile Must\u0103\u0163ea. Acesta l-a nominalizat pe colegul s\u0103u de partid, consilierul municipal Clement Ilie, despre care a spus c\u0103 a fost atras \u00eentr-o capcan\u0103 atunci c\u00e2nd a fost numit director la Centrul Jude\u0163ean de Conservare \u015fi Promovare a Culturii Tradi\u0163ionale.<\/p>\n<p style=\"text-align: justify;\">\u00censu\u015fi consilierul municipal Clement Ilie\u00a0a \u00eent\u0103rit aceast\u0103 opinie, d\u00e2nd exemplul propriei experien\u0163e la conducerea Centrului Jude\u0163ean de Conservare \u015fi Promovare a Culturii Tradi\u0163ionale.<\/p>\n<p style=\"text-align: justify;\"><em>\u201e\u00centre mine \u015fi domnul Buduru este o diferen\u0163\u0103 foarte mare, eu nu sunt polivalent, ca dumnealui. C\u00e2nd am fost numit director, eu am renun\u0163at la o pensie militar\u0103 mai mare dec\u00e2t salariul de director. Singura condi\u0163ie pe care am pus-o a fost c\u0103 doresc mai mult sprijin pentru aceast\u0103 institu\u0163ie. (&#8230;). Mi s\u2013a recomandat sus\u0163inerea unor proiecte \u00een Consiliul Local, dar s-a ajuns p\u00e2n\u0103 \u00eentr-acolo \u00eenc\u00e2t mi s-a interzis s\u0103 vorbesc cu colegii mei (n.red. consilierii de la PPDD), mi s-a interzis s\u0103 mai merg la partid, eram sunat la institu\u0163ie \u015fi eram certat dac\u0103 nu m\u0103 aflam acolo, de\u015fi cultura nu se face din birou. Ori, actul cultural nu se face cu b\u00e2ta \u00een m\u00e2n\u0103, a\u015fa c\u0103 am decis s\u0103 demisionez dup\u0103 o lun\u0103 de la numire\u201d<\/em>, a spus\u00a0Clement Ilie.<\/p>\n<p style=\"text-align: justify;\">R\u0103zvan Cuc a \u021binut s\u0103 precizeze c\u0103 demisia lui Clement Ilie de la \u015fefia Centrului Jude\u0163ean de Conservare \u015fi Promovare a Culturii Tradi\u0163ionale a fost un gest demn al unui militar care nu a acceptat s\u0103-\u015fi saboteze colegii \u015fi prietenii.<\/p>\n<p>&nbsp;<\/p>\n<p><em>Marcela Petcu<\/em><\/p>\n","protected":false},"excerpt":{"rendered":"<p>\u201eSperam s\u0103 g\u0103sim un tehnocrat pe care s\u0103-l promov\u0103m \u00een aceast\u0103 func\u0163ie\u201d, acestea sunt cuvintele cu care consilierul jude\u0163ean R\u0103zvan Cuc, purt\u0103torul de cuv\u00e2nt al PSD Giurgiu, a descris proasp\u0103ta numire a lui Constantin Buduru \u00een func\u021bia de manager al Muzeului Jude\u0163ean \u201eTeohari Antonescu\u201d. Reprezentantul social-democra\u0163ilor giurgiuveni nu<\/p>\n","protected":false},"author":2,"featured_media":0,"comment_status":"open","ping_status":"open","sticky":false,"template":"","format":"standard","meta":{"footnotes":""},"categories":[6],"tags":[],"class_list":["post-19124","post","type-post","status-publish","format-standard","hentry","category-breaking-news"],"_links":{"self":[{"href":"https:\/\/www.giurgiuveanul.ro\/stiri\/wp-json\/wp\/v2\/posts\/19124","targetHints":{"allow":["GET"]}}],"collection":[{"href":"https:\/\/www.giurgiuveanul.ro\/stiri\/wp-json\/wp\/v2\/posts"}],"about":[{"href":"https:\/\/www.giurgiuveanul.ro\/stiri\/wp-json\/wp\/v2\/types\/post"}],"author":[{"embeddable":true,"href":"https:\/\/www.giurgiuveanul.ro\/stiri\/wp-json\/wp\/v2\/users\/2"}],"replies":[{"embeddable":true,"href":"https:\/\/www.giurgiuveanul.ro\/stiri\/wp-json\/wp\/v2\/comments?post=19124"}],"version-history":[{"count":0,"href":"https:\/\/www.giurgiuveanul.ro\/stiri\/wp-json\/wp\/v2\/posts\/19124\/revisions"}],"wp:attachment":[{"href":"https:\/\/www.giurgiuveanul.ro\/stiri\/wp-json\/wp\/v2\/media?parent=19124"}],"wp:term":[{"taxonomy":"category","embeddable":true,"href":"https:\/\/www.giurgiuveanul.ro\/stiri\/wp-json\/wp\/v2\/categories?post=19124"},{"taxonomy":"post_tag","embeddable":true,"href":"https:\/\/www.giurgiuveanul.ro\/stiri\/wp-json\/wp\/v2\/tags?post=19124"}],"curies":[{"name":"wp","href":"https:\/\/api.w.org\/{rel}","templated":true}]}}