{"id":19138,"date":"2015-02-06T15:20:51","date_gmt":"2015-02-06T13:20:51","guid":{"rendered":"https:\/\/www.giurgiuveanul.ro\/stiri\/?p=19138"},"modified":"2015-02-06T15:20:51","modified_gmt":"2015-02-06T13:20:51","slug":"elevii-de-a-viii-a-intra-in-examene","status":"publish","type":"post","link":"https:\/\/www.giurgiuveanul.ro\/stiri\/elevii-de-a-viii-a-intra-in-examene\/","title":{"rendered":"Elevii de-a VIII-a intr\u0103 \u00een examene"},"content":{"rendered":"<p style=\"text-align: justify;\"><a href=\"https:\/\/www.giurgiuveanul.ro\/stiri\/wp-content\/uploads\/2015\/02\/evaluare-nationala.jpg\"><img loading=\"lazy\" decoding=\"async\" class=\"aligncenter size-large wp-image-19139\" src=\"https:\/\/www.giurgiuveanul.ro\/stiri\/wp-content\/uploads\/2015\/02\/evaluare-nationala-560x364.jpg\" alt=\"evaluare-nationala\" width=\"560\" height=\"364\" srcset=\"https:\/\/www.giurgiuveanul.ro\/stiri\/wp-content\/uploads\/2015\/02\/evaluare-nationala-560x364.jpg 560w, https:\/\/www.giurgiuveanul.ro\/stiri\/wp-content\/uploads\/2015\/02\/evaluare-nationala-250x163.jpg 250w, https:\/\/www.giurgiuveanul.ro\/stiri\/wp-content\/uploads\/2015\/02\/evaluare-nationala-400x260.jpg 400w, https:\/\/www.giurgiuveanul.ro\/stiri\/wp-content\/uploads\/2015\/02\/evaluare-nationala.jpg 720w\" sizes=\"auto, (max-width: 560px) 100vw, 560px\" \/><\/a>Dup\u0103 vacan\u0163a dintre cele dou\u0103 semestre, elevii intr\u0103 \u00een febra simul\u0103rilor. Elevii de clasa a VIII-a vor sus\u0163ine, \u00een perioada 23 &#8211; 25 februarie, test\u0103rile \u00een cadrul sesiunii de simulare a examenului de Evaluare Na\u0163ional\u0103, potrivit calendarului stabilit de Ministerul Educa\u0163iei. Notele ob\u0163inute de elevi nu vor fi trecute \u00een catalog.\u00a0Evaluarea Na\u0163ional\u0103 2015 se va desf\u0103\u015fura la acelea\u015fi discipline ca cele din anul \u015fcolar trecut, probele urm\u00e2nd s\u0103 fie sus\u0163inute \u00een <!--more-->perioada 22 &#8211; 24 iunie.<\/p>\n<p>&nbsp;<\/p>\n<p><strong>Calendarul simul\u0103rilor <\/strong><\/p>\n<p><strong>\u00a0<\/strong><\/p>\n<p>Potrivit calendarului stabilit de Ministerul Educa\u0163iei, simularea Evalu\u0103rii Na\u0163ionale pentru elevii clasei a VIII-a din anul \u015fcolar 2014 &#8211; 2015 va avea loc \u00een 23 februarie la Limba \u015fi literatura rom\u00e2n\u0103, \u00een 24 februarie la Matematic\u0103 \u015fi \u00een 25 februarie la Limba \u015fi literatura matern\u0103, \u00een 6 martie urm\u00e2nd s\u0103 fie afi\u015fate rezultatele. Notele ob\u0163inute de elevi nu vor fi trecute \u00a0\u00een catalog.<\/p>\n<p>&nbsp;<\/p>\n<p><strong>Subiecte exceptate <\/strong><\/p>\n<p><strong>\u00a0<\/strong><\/p>\n<p>Din programa valabil\u0103 pentru examenul de Evaluare Na\u0163ional\u0103 2015, pentru simularea la Limba \u015fi literatura rom\u00e2n\u0103 sunt exceptate urm\u0103toarele con\u0163inuturi: procedee de expresivitate artisti\u0103 \u00een textele studiate (figuri de stil: alegoria); complementul direct \u015fi propozi\u0163ia subordonat\u0103 completiv\u0103 direct\u0103; complementul indirect \u015fi propozi\u0163ia subordonat\u0103 completiv\u0103 indirect\u0103; complementele circumstan\u0163iale \u015fi propozi\u0163iile subordonate circumstan\u0163iale corespunz\u0103toare (de loc, de timp, de mod, de cauz\u0103, de scop). Din programa valabil\u0103 pentru examenul de Evaluare Na\u0163ional\u0103 2015, pentru simularea la Matematic\u0103 sunt exceptate urm\u0103toarele con\u0163inuturi: din capitolul Calcul algebric &#8211; rapoarte de numere reale reprezentate prin litere. Simplificare. Opera\u0163ii cu rapoarte (adunare, sc\u0103dere, \u00eenmul\u0163ire, \u00eemp\u0103r\u0163ire, ridicare la putere cu exponent num\u0103r \u00eentreg); capitolul Func\u0163ii; din capitolul Ecua\u0163ii, inecua\u0163ii \u015fi sisteme de ecua\u0163ii: rezolvarea \u00een RxR a sistemelor de ecua\u0163ii; probleme cu caracter aplicativ care se rezolv\u0103 cu ajutorul sistemelor de ecua\u0163ii; din capitolul Punctul, dreapta, planul, semiplanul, semidreapta, segmentul de dreapt\u0103, unghiul &#8211; calculul unor distan\u0163e \u00een interiorul corpurilor studiate; din capitolul Corpuri geometrice. Paralelipipedul dreptunghic, cubul; prisma dreapt\u0103 cu baza triunghi echilateral, patrat sau dreptunghi; piramida triunghiular\u0103 regulat\u0103, tetraedrul regulat, piramida patrulater\u0103 regulat\u0103: &#8211; desf\u0103\u015fur\u0103ri \u015fi &#8211; aria lateral\u0103, aria total\u0103.<\/p>\n<p>&nbsp;<\/p>\n<p><strong>Probele scrise, la var\u0103 <\/strong><\/p>\n<p><strong>\u00a0<\/strong><\/p>\n<p>Examenele Evalu\u0103rii Na\u0163ionale \u00eencep pe 22 iunie 2015 &#8211; Limba \u015fi literatura rom\u00e2n\u0103 &#8211; proba scris\u0103, apoi pe 23 iunie 2015 , Limba \u015fi literatura matern\u0103 &#8211; proba scris\u0103, pe 24 iunie 2015 &#8211; Matematic\u0103 &#8211; proba scris\u0103, iar pe 26 iunie 2015 &#8211; Afi\u015farea rezultatelor (p\u00e2n\u0103 la ora 16). Pe 30 iunie 2015 vo fi afi\u015fate rezultatele finale dup\u0103 contesta\u0163ii.<\/p>\n<p>&nbsp;<\/p>\n<p><em>Marcela Petcu<\/em><\/p>\n","protected":false},"excerpt":{"rendered":"<p>Dup\u0103 vacan\u0163a dintre cele dou\u0103 semestre, elevii intr\u0103 \u00een febra simul\u0103rilor. Elevii de clasa a VIII-a vor sus\u0163ine, \u00een perioada 23 &#8211; 25 februarie, test\u0103rile \u00een cadrul sesiunii de simulare a examenului de Evaluare Na\u0163ional\u0103, potrivit calendarului stabilit de Ministerul Educa\u0163iei. Notele ob\u0163inute de elevi nu vor fi trecute \u00een catalog.\u00a0Evaluarea Na\u0163ional\u0103 2015 se va [&hellip;]<\/p>\n","protected":false},"author":2,"featured_media":0,"comment_status":"open","ping_status":"open","sticky":false,"template":"","format":"standard","meta":{"footnotes":""},"categories":[6],"tags":[],"class_list":["post-19138","post","type-post","status-publish","format-standard","hentry","category-breaking-news"],"_links":{"self":[{"href":"https:\/\/www.giurgiuveanul.ro\/stiri\/wp-json\/wp\/v2\/posts\/19138","targetHints":{"allow":["GET"]}}],"collection":[{"href":"https:\/\/www.giurgiuveanul.ro\/stiri\/wp-json\/wp\/v2\/posts"}],"about":[{"href":"https:\/\/www.giurgiuveanul.ro\/stiri\/wp-json\/wp\/v2\/types\/post"}],"author":[{"embeddable":true,"href":"https:\/\/www.giurgiuveanul.ro\/stiri\/wp-json\/wp\/v2\/users\/2"}],"replies":[{"embeddable":true,"href":"https:\/\/www.giurgiuveanul.ro\/stiri\/wp-json\/wp\/v2\/comments?post=19138"}],"version-history":[{"count":0,"href":"https:\/\/www.giurgiuveanul.ro\/stiri\/wp-json\/wp\/v2\/posts\/19138\/revisions"}],"wp:attachment":[{"href":"https:\/\/www.giurgiuveanul.ro\/stiri\/wp-json\/wp\/v2\/media?parent=19138"}],"wp:term":[{"taxonomy":"category","embeddable":true,"href":"https:\/\/www.giurgiuveanul.ro\/stiri\/wp-json\/wp\/v2\/categories?post=19138"},{"taxonomy":"post_tag","embeddable":true,"href":"https:\/\/www.giurgiuveanul.ro\/stiri\/wp-json\/wp\/v2\/tags?post=19138"}],"curies":[{"name":"wp","href":"https:\/\/api.w.org\/{rel}","templated":true}]}}