{"id":19151,"date":"2015-02-07T12:08:05","date_gmt":"2015-02-07T10:08:05","guid":{"rendered":"https:\/\/www.giurgiuveanul.ro\/stiri\/?p=19151"},"modified":"2015-02-07T12:08:05","modified_gmt":"2015-02-07T10:08:05","slug":"circulatie-ingreunata-pe-soseaua-giurgiu-bucuresti-din-cauza-unui-tir","status":"publish","type":"post","link":"https:\/\/www.giurgiuveanul.ro\/stiri\/circulatie-ingreunata-pe-soseaua-giurgiu-bucuresti-din-cauza-unui-tir\/","title":{"rendered":"Circula\u0163ie \u00eengreunat\u0103 pe \u015foseaua Giurgiu-Bucure\u015fti din cauza unui TIR"},"content":{"rendered":"<p><a href=\"https:\/\/www.giurgiuveanul.ro\/stiri\/wp-content\/uploads\/2015\/02\/tir-derapat-dn5.jpg\"><img loading=\"lazy\" decoding=\"async\" class=\"aligncenter size-large wp-image-19153\" src=\"https:\/\/www.giurgiuveanul.ro\/stiri\/wp-content\/uploads\/2015\/02\/tir-derapat-dn5-560x316.jpg\" alt=\"tir derapat dn5\" width=\"560\" height=\"316\" srcset=\"https:\/\/www.giurgiuveanul.ro\/stiri\/wp-content\/uploads\/2015\/02\/tir-derapat-dn5-560x316.jpg 560w, https:\/\/www.giurgiuveanul.ro\/stiri\/wp-content\/uploads\/2015\/02\/tir-derapat-dn5-250x141.jpg 250w, https:\/\/www.giurgiuveanul.ro\/stiri\/wp-content\/uploads\/2015\/02\/tir-derapat-dn5-400x226.jpg 400w, https:\/\/www.giurgiuveanul.ro\/stiri\/wp-content\/uploads\/2015\/02\/tir-derapat-dn5.jpg 603w\" sizes=\"auto, (max-width: 560px) 100vw, 560px\" \/><\/a><a href=\"https:\/\/www.giurgiuveanul.ro\/stiri\/wp-content\/uploads\/2015\/02\/Covasna%3A-Circula%C5%A3ie-%C3%AEntrerupt%C4%83-pe-DN-10%2C-dup%C4%83-ce-un-tir-a-derapat-din-cauza-z%C4%83pezii_320006.jpg\"><br \/>\n<\/a>\u00cen aceast\u0103 diminea\u0163\u0103, \u00een jurul orei 7:50, traficul rutier pe DN 5 Giurgiu-Bucure\u015fti, la kilometrul 44, la ie\u015fire din Daia, a fost \u00eengreunat din cauza unui eveniment rutier. Un TIR a <!--more-->derapat, bloc\u00e2nd sensul de mers Bucure\u015fti-Giurgiu, dup\u0103 ce \u015foferul nu a adaptat\u00a0 viteza la condi\u0163iile meteo \u015fi a pierdut controlul volanului.<\/p>\n<p>Astfel c\u0103 circula\u0163ia rutier\u0103 s-a desf\u0103\u015furat alternativ, pe o singur\u0103 band\u0103.<\/p>\n<p>Traficul rutier pe DN 5, la ie\u015fire din Daia, a revenit la normal \u00een jurul orei 9.00.<\/p>\n","protected":false},"excerpt":{"rendered":"<p>\u00cen aceast\u0103 diminea\u0163\u0103, \u00een jurul orei 7:50, traficul rutier pe DN 5 Giurgiu-Bucure\u015fti, la kilometrul 44, la ie\u015fire din Daia, a fost \u00eengreunat din cauza unui eveniment rutier. Un TIR a<\/p>\n","protected":false},"author":2,"featured_media":0,"comment_status":"open","ping_status":"open","sticky":false,"template":"","format":"standard","meta":{"footnotes":""},"categories":[6],"tags":[],"class_list":["post-19151","post","type-post","status-publish","format-standard","hentry","category-breaking-news"],"_links":{"self":[{"href":"https:\/\/www.giurgiuveanul.ro\/stiri\/wp-json\/wp\/v2\/posts\/19151","targetHints":{"allow":["GET"]}}],"collection":[{"href":"https:\/\/www.giurgiuveanul.ro\/stiri\/wp-json\/wp\/v2\/posts"}],"about":[{"href":"https:\/\/www.giurgiuveanul.ro\/stiri\/wp-json\/wp\/v2\/types\/post"}],"author":[{"embeddable":true,"href":"https:\/\/www.giurgiuveanul.ro\/stiri\/wp-json\/wp\/v2\/users\/2"}],"replies":[{"embeddable":true,"href":"https:\/\/www.giurgiuveanul.ro\/stiri\/wp-json\/wp\/v2\/comments?post=19151"}],"version-history":[{"count":0,"href":"https:\/\/www.giurgiuveanul.ro\/stiri\/wp-json\/wp\/v2\/posts\/19151\/revisions"}],"wp:attachment":[{"href":"https:\/\/www.giurgiuveanul.ro\/stiri\/wp-json\/wp\/v2\/media?parent=19151"}],"wp:term":[{"taxonomy":"category","embeddable":true,"href":"https:\/\/www.giurgiuveanul.ro\/stiri\/wp-json\/wp\/v2\/categories?post=19151"},{"taxonomy":"post_tag","embeddable":true,"href":"https:\/\/www.giurgiuveanul.ro\/stiri\/wp-json\/wp\/v2\/tags?post=19151"}],"curies":[{"name":"wp","href":"https:\/\/api.w.org\/{rel}","templated":true}]}}