{"id":19155,"date":"2015-02-07T13:04:40","date_gmt":"2015-02-07T11:04:40","guid":{"rendered":"https:\/\/www.giurgiuveanul.ro\/stiri\/?p=19155"},"modified":"2015-02-07T17:08:23","modified_gmt":"2015-02-07T15:08:23","slug":"drumariii-giurgiuveni-la-datorie","status":"publish","type":"post","link":"https:\/\/www.giurgiuveanul.ro\/stiri\/drumariii-giurgiuveni-la-datorie\/","title":{"rendered":"Drumarii giurgiuveni, la datorie"},"content":{"rendered":"<p style=\"text-align: justify;\"><a href=\"https:\/\/www.giurgiuveanul.ro\/stiri\/wp-content\/uploads\/2015\/02\/20150207-48606-utilaj-deszapezire_XL.jpg\"><img loading=\"lazy\" decoding=\"async\" class=\"aligncenter size-large wp-image-19156\" src=\"https:\/\/www.giurgiuveanul.ro\/stiri\/wp-content\/uploads\/2015\/02\/20150207-48606-utilaj-deszapezire_XL-560x420.jpg\" alt=\"20150207-48606-utilaj-deszapezire_XL\" width=\"560\" height=\"420\" srcset=\"https:\/\/www.giurgiuveanul.ro\/stiri\/wp-content\/uploads\/2015\/02\/20150207-48606-utilaj-deszapezire_XL-560x420.jpg 560w, https:\/\/www.giurgiuveanul.ro\/stiri\/wp-content\/uploads\/2015\/02\/20150207-48606-utilaj-deszapezire_XL-250x188.jpg 250w, https:\/\/www.giurgiuveanul.ro\/stiri\/wp-content\/uploads\/2015\/02\/20150207-48606-utilaj-deszapezire_XL-400x300.jpg 400w, https:\/\/www.giurgiuveanul.ro\/stiri\/wp-content\/uploads\/2015\/02\/20150207-48606-utilaj-deszapezire_XL.jpg 900w\" sizes=\"auto, (max-width: 560px) 100vw, 560px\" \/><\/a>Codul galben de ninsoare \u0219i viscol a intrat, \u00een jude\u0163ul Giurgiu, \u00een vigoare, \u00eenc\u0103 de ieri dup\u0103 amiaz\u0103. Drumarii din cadrul Direc\u021biei Jude\u021bene de Transport \u0219i Control Trafic din Consiliul Jude\u021bean Giurgiu s-au aflat pe pozi\u021bii, au ie\u0219it pe teren \u00eenc\u0103 de azi noapte cu<!--more--> utilaje pentru desz\u0103pezirea drumurilor jude\u0163ene din Zona 1 sud, pe care o au \u00een administrare, respectiv 125 de km de drumuri.<\/p>\n<p style=\"text-align: justify;\"><a href=\"https:\/\/www.giurgiuveanul.ro\/stiri\/wp-content\/uploads\/2015\/02\/20140321-ion-mateescu.jpg\"><img loading=\"lazy\" decoding=\"async\" class=\"aligncenter size-large wp-image-19157\" src=\"https:\/\/www.giurgiuveanul.ro\/stiri\/wp-content\/uploads\/2015\/02\/20140321-ion-mateescu-560x397.jpg\" alt=\"20140321-ion-mateescu\" width=\"560\" height=\"397\" srcset=\"https:\/\/www.giurgiuveanul.ro\/stiri\/wp-content\/uploads\/2015\/02\/20140321-ion-mateescu-560x397.jpg 560w, https:\/\/www.giurgiuveanul.ro\/stiri\/wp-content\/uploads\/2015\/02\/20140321-ion-mateescu-250x177.jpg 250w, https:\/\/www.giurgiuveanul.ro\/stiri\/wp-content\/uploads\/2015\/02\/20140321-ion-mateescu-400x284.jpg 400w, https:\/\/www.giurgiuveanul.ro\/stiri\/wp-content\/uploads\/2015\/02\/20140321-ion-mateescu.jpg 766w\" sizes=\"auto, (max-width: 560px) 100vw, 560px\" \/><\/a><\/p>\n<p style=\"text-align: justify;\"><em>\u201e\u00cencepand cu ora 24, am ac\u021bionat pe drumurile jude\u021bene cu patru utilaje \u015fi opt oameni iar \u00een acest moment (n. red. ora 9.20), se lucreaz\u0103 la \u00eendep\u0103rtarea z\u0103pezii din zona Gogo\u015fari, spre Izvoru, unde mai avem foarte pu\u0163in de lucru \u015fi totodat\u0103 la Once\u015fti. Nu sunt probleme \u00een acest moment, iar peste dou\u0103 ore vom interveni din nou pentru c\u0103 v\u00e2ntul aduce z\u0103pada pe carosabil \u015fi se vor forma suluri de z\u0103pad\u0103\u201d<\/em>, sus\u0163ine <strong>Ion Mateescu <\/strong><em>(foto)<\/em>, directorul Direc\u021biei Jude\u021bene de Transport \u0219i Control Trafic din Consiliul Jude\u021bean Giurgiu.<\/p>\n<p style=\"text-align: justify;\">Pe de alt\u0103 parte, CNADNR anun\u0163\u0103 c\u0103 pe drumurile na\u0163ionale din Muntenia se afl\u0103 z\u0103pad\u0103 fr\u0103m\u00e2ntat\u0103 de 1-3 cm.<\/p>\n<p>&nbsp;<\/p>\n<p><em>Marcela Petcu<\/em><\/p>\n","protected":false},"excerpt":{"rendered":"<p>Codul galben de ninsoare \u0219i viscol a intrat, \u00een jude\u0163ul Giurgiu, \u00een vigoare, \u00eenc\u0103 de ieri dup\u0103 amiaz\u0103. Drumarii din cadrul Direc\u021biei Jude\u021bene de Transport \u0219i Control Trafic din Consiliul Jude\u021bean Giurgiu s-au aflat pe pozi\u021bii, au ie\u0219it pe teren \u00eenc\u0103 de azi noapte cu<\/p>\n","protected":false},"author":2,"featured_media":0,"comment_status":"open","ping_status":"open","sticky":false,"template":"","format":"standard","meta":{"footnotes":""},"categories":[6],"tags":[],"class_list":["post-19155","post","type-post","status-publish","format-standard","hentry","category-breaking-news"],"_links":{"self":[{"href":"https:\/\/www.giurgiuveanul.ro\/stiri\/wp-json\/wp\/v2\/posts\/19155","targetHints":{"allow":["GET"]}}],"collection":[{"href":"https:\/\/www.giurgiuveanul.ro\/stiri\/wp-json\/wp\/v2\/posts"}],"about":[{"href":"https:\/\/www.giurgiuveanul.ro\/stiri\/wp-json\/wp\/v2\/types\/post"}],"author":[{"embeddable":true,"href":"https:\/\/www.giurgiuveanul.ro\/stiri\/wp-json\/wp\/v2\/users\/2"}],"replies":[{"embeddable":true,"href":"https:\/\/www.giurgiuveanul.ro\/stiri\/wp-json\/wp\/v2\/comments?post=19155"}],"version-history":[{"count":0,"href":"https:\/\/www.giurgiuveanul.ro\/stiri\/wp-json\/wp\/v2\/posts\/19155\/revisions"}],"wp:attachment":[{"href":"https:\/\/www.giurgiuveanul.ro\/stiri\/wp-json\/wp\/v2\/media?parent=19155"}],"wp:term":[{"taxonomy":"category","embeddable":true,"href":"https:\/\/www.giurgiuveanul.ro\/stiri\/wp-json\/wp\/v2\/categories?post=19155"},{"taxonomy":"post_tag","embeddable":true,"href":"https:\/\/www.giurgiuveanul.ro\/stiri\/wp-json\/wp\/v2\/tags?post=19155"}],"curies":[{"name":"wp","href":"https:\/\/api.w.org\/{rel}","templated":true}]}}