{"id":19162,"date":"2015-02-07T14:27:00","date_gmt":"2015-02-07T12:27:00","guid":{"rendered":"https:\/\/www.giurgiuveanul.ro\/stiri\/?p=19162"},"modified":"2015-02-07T14:27:00","modified_gmt":"2015-02-07T12:27:00","slug":"deputatul-de-giurgiu-florian-nicolae-participa-astazi-la-lucrarile-adunarii-eparhiale-episcopiei-giurgiului","status":"publish","type":"post","link":"https:\/\/www.giurgiuveanul.ro\/stiri\/deputatul-de-giurgiu-florian-nicolae-participa-astazi-la-lucrarile-adunarii-eparhiale-episcopiei-giurgiului\/","title":{"rendered":"Deputatul de Giurgiu, Florian Nicolae, particip\u0103 ast\u0103zi la lucr\u0103rile Adun\u0103rii Eparhiale a Episcopiei Giurgiului"},"content":{"rendered":"<p style=\"text-align: justify;\"><a href=\"https:\/\/www.giurgiuveanul.ro\/stiri\/wp-content\/uploads\/2015\/02\/20150207-adunarea.jpg\"><img loading=\"lazy\" decoding=\"async\" class=\"aligncenter size-large wp-image-19163\" src=\"https:\/\/www.giurgiuveanul.ro\/stiri\/wp-content\/uploads\/2015\/02\/20150207-adunarea-560x393.jpg\" alt=\"20150207-adunarea\" width=\"560\" height=\"393\" srcset=\"https:\/\/www.giurgiuveanul.ro\/stiri\/wp-content\/uploads\/2015\/02\/20150207-adunarea-560x393.jpg 560w, https:\/\/www.giurgiuveanul.ro\/stiri\/wp-content\/uploads\/2015\/02\/20150207-adunarea-250x175.jpg 250w, https:\/\/www.giurgiuveanul.ro\/stiri\/wp-content\/uploads\/2015\/02\/20150207-adunarea-400x281.jpg 400w, https:\/\/www.giurgiuveanul.ro\/stiri\/wp-content\/uploads\/2015\/02\/20150207-adunarea.jpg 800w\" sizes=\"auto, (max-width: 560px) 100vw, 560px\" \/><\/a>Ast\u0103zi, s\u00e2mb\u0103t\u0103, 7 februarie, la Centrul pastoral-cultural \u201eGavril Drug\u0103nescu\u201d din localitatea Flore\u015fti-Stoene\u015fti, se desf\u0103\u015foar\u0103 lucr\u0103rile Adun\u0103rii Eparhiale a Episcopiei Giurgiului.<\/p>\n<p style=\"text-align: justify;\">Deschiderea lucr\u0103rilor a fost precedat\u0103 de <!--more-->s\u0103v\u00e2r\u015firea Sfintei Liturghii, urmat\u0103 de slujba de Te \u2013 Deum \u015fi de o slujb\u0103 de pomenire pentru p\u0103rintele Patriarh Teoctist la \u00eemplinirea a 100 de ani de la na\u015fterea sa. \u00cen cadrul lucr\u0103rilor, care vor fi prezidate de Preasfin\u0163itul P\u0103rinte Ambrozie, Episcopul Giurgiului, se vor prezenta rapoartele generale anuale ale sectoarelor administra\u0163iei eparhiale \u015fi proiectele prioritare pentru anul 2015.<\/p>\n<p style=\"text-align: justify;\"><a href=\"https:\/\/www.giurgiuveanul.ro\/stiri\/wp-content\/uploads\/2015\/02\/20150207-poza-9.jpg\"><img loading=\"lazy\" decoding=\"async\" class=\"aligncenter size-large wp-image-19164\" src=\"https:\/\/www.giurgiuveanul.ro\/stiri\/wp-content\/uploads\/2015\/02\/20150207-poza-9-560x419.jpg\" alt=\"20150207-poza (9)\" width=\"560\" height=\"419\" srcset=\"https:\/\/www.giurgiuveanul.ro\/stiri\/wp-content\/uploads\/2015\/02\/20150207-poza-9-560x419.jpg 560w, https:\/\/www.giurgiuveanul.ro\/stiri\/wp-content\/uploads\/2015\/02\/20150207-poza-9-250x187.jpg 250w, https:\/\/www.giurgiuveanul.ro\/stiri\/wp-content\/uploads\/2015\/02\/20150207-poza-9-400x299.jpg 400w, https:\/\/www.giurgiuveanul.ro\/stiri\/wp-content\/uploads\/2015\/02\/20150207-poza-9.jpg 800w\" sizes=\"auto, (max-width: 560px) 100vw, 560px\" \/><\/a><\/p>\n<p style=\"text-align: justify;\">De asemenea, va fi analizat\u0103 \u015fi activitatea desf\u0103\u015furat\u0103 \u00een parohiile \u015fi m\u0103n\u0103stirile din cuprinsul Eparhiei Giurgiului sub aspect organizatoric-administrativ, pastoral, \u00eenv\u0103\u0163\u0103m\u00e2nt teologic, social-filantropic, patrimoniu bisericesc, via\u0163a monahal\u0103, activitate editorial\u0103, restaur\u0103ri \u015fi construiri de noi l\u0103ca\u015furi de cult.<\/p>\n<p style=\"text-align: justify;\"><a href=\"https:\/\/www.giurgiuveanul.ro\/stiri\/wp-content\/uploads\/2015\/02\/20150207-poza-13.jpg\"><img loading=\"lazy\" decoding=\"async\" class=\"aligncenter size-large wp-image-19165\" src=\"https:\/\/www.giurgiuveanul.ro\/stiri\/wp-content\/uploads\/2015\/02\/20150207-poza-13-560x419.jpg\" alt=\"20150207-poza (13)\" width=\"560\" height=\"419\" srcset=\"https:\/\/www.giurgiuveanul.ro\/stiri\/wp-content\/uploads\/2015\/02\/20150207-poza-13-560x419.jpg 560w, https:\/\/www.giurgiuveanul.ro\/stiri\/wp-content\/uploads\/2015\/02\/20150207-poza-13-250x187.jpg 250w, https:\/\/www.giurgiuveanul.ro\/stiri\/wp-content\/uploads\/2015\/02\/20150207-poza-13-400x299.jpg 400w, https:\/\/www.giurgiuveanul.ro\/stiri\/wp-content\/uploads\/2015\/02\/20150207-poza-13.jpg 800w\" sizes=\"auto, (max-width: 560px) 100vw, 560px\" \/><\/a><\/p>\n<p style=\"text-align: justify;\">La lucr\u0103ri particip\u0103 \u015fi deputatul de Giurgiu, Florian Nicolae, fiind membru al acestui for bisericesc.<\/p>\n<p style=\"text-align: justify;\">Reamintim c\u0103 parlamentarul giurgiuvean a fost ales \u015fi membru al Adun\u0103rii Na\u021bionale Biserice\u0219ti (ANB) a Bisericii Ortodoxe Rom\u00e2ne pentru perioada 2014-2018.<\/p>\n<p style=\"text-align: justify;\"><a href=\"https:\/\/www.giurgiuveanul.ro\/stiri\/wp-content\/uploads\/2015\/02\/20847_p1931dq8ua1ckd1r99iec1lffmvea.jpg-f..jpg\"><img loading=\"lazy\" decoding=\"async\" class=\"aligncenter size-large wp-image-19166\" src=\"https:\/\/www.giurgiuveanul.ro\/stiri\/wp-content\/uploads\/2015\/02\/20847_p1931dq8ua1ckd1r99iec1lffmvea.jpg-f.-560x376.jpg\" alt=\"20847_p1931dq8ua1ckd1r99iec1lffmvea.jpg f.\" width=\"560\" height=\"376\" srcset=\"https:\/\/www.giurgiuveanul.ro\/stiri\/wp-content\/uploads\/2015\/02\/20847_p1931dq8ua1ckd1r99iec1lffmvea.jpg-f.-560x376.jpg 560w, https:\/\/www.giurgiuveanul.ro\/stiri\/wp-content\/uploads\/2015\/02\/20847_p1931dq8ua1ckd1r99iec1lffmvea.jpg-f.-250x168.jpg 250w, https:\/\/www.giurgiuveanul.ro\/stiri\/wp-content\/uploads\/2015\/02\/20847_p1931dq8ua1ckd1r99iec1lffmvea.jpg-f.-400x269.jpg 400w, https:\/\/www.giurgiuveanul.ro\/stiri\/wp-content\/uploads\/2015\/02\/20847_p1931dq8ua1ckd1r99iec1lffmvea.jpg-f..jpg 1191w\" sizes=\"auto, (max-width: 560px) 100vw, 560px\" \/><\/a><\/p>\n<p style=\"text-align: justify;\">\u00cen ANB, Florian Nicolae face parte din Comisia administrativ-juridic\u0103 \u015fi de validare.<\/p>\n","protected":false},"excerpt":{"rendered":"<p>Ast\u0103zi, s\u00e2mb\u0103t\u0103, 7 februarie, la Centrul pastoral-cultural \u201eGavril Drug\u0103nescu\u201d din localitatea Flore\u015fti-Stoene\u015fti, se desf\u0103\u015foar\u0103 lucr\u0103rile Adun\u0103rii Eparhiale a Episcopiei Giurgiului. Deschiderea lucr\u0103rilor a fost precedat\u0103 de<\/p>\n","protected":false},"author":2,"featured_media":0,"comment_status":"open","ping_status":"open","sticky":false,"template":"","format":"standard","meta":{"footnotes":""},"categories":[6],"tags":[],"class_list":["post-19162","post","type-post","status-publish","format-standard","hentry","category-breaking-news"],"_links":{"self":[{"href":"https:\/\/www.giurgiuveanul.ro\/stiri\/wp-json\/wp\/v2\/posts\/19162","targetHints":{"allow":["GET"]}}],"collection":[{"href":"https:\/\/www.giurgiuveanul.ro\/stiri\/wp-json\/wp\/v2\/posts"}],"about":[{"href":"https:\/\/www.giurgiuveanul.ro\/stiri\/wp-json\/wp\/v2\/types\/post"}],"author":[{"embeddable":true,"href":"https:\/\/www.giurgiuveanul.ro\/stiri\/wp-json\/wp\/v2\/users\/2"}],"replies":[{"embeddable":true,"href":"https:\/\/www.giurgiuveanul.ro\/stiri\/wp-json\/wp\/v2\/comments?post=19162"}],"version-history":[{"count":0,"href":"https:\/\/www.giurgiuveanul.ro\/stiri\/wp-json\/wp\/v2\/posts\/19162\/revisions"}],"wp:attachment":[{"href":"https:\/\/www.giurgiuveanul.ro\/stiri\/wp-json\/wp\/v2\/media?parent=19162"}],"wp:term":[{"taxonomy":"category","embeddable":true,"href":"https:\/\/www.giurgiuveanul.ro\/stiri\/wp-json\/wp\/v2\/categories?post=19162"},{"taxonomy":"post_tag","embeddable":true,"href":"https:\/\/www.giurgiuveanul.ro\/stiri\/wp-json\/wp\/v2\/tags?post=19162"}],"curies":[{"name":"wp","href":"https:\/\/api.w.org\/{rel}","templated":true}]}}