{"id":19168,"date":"2015-02-07T16:25:46","date_gmt":"2015-02-07T14:25:46","guid":{"rendered":"https:\/\/www.giurgiuveanul.ro\/stiri\/?p=19168"},"modified":"2015-02-07T16:25:46","modified_gmt":"2015-02-07T14:25:46","slug":"liviu-rosca-un-proaspat-campion-national-de-atletism","status":"publish","type":"post","link":"https:\/\/www.giurgiuveanul.ro\/stiri\/liviu-rosca-un-proaspat-campion-national-de-atletism\/","title":{"rendered":"Liviu Ro\u015fca, &#8222;un proasp\u0103t campion na\u0163ional de atletism&#8230; \u201d"},"content":{"rendered":"<p style=\"text-align: justify;\"><a href=\"https:\/\/www.giurgiuveanul.ro\/stiri\/wp-content\/uploads\/2015\/02\/20150207-1010128_291991231000916_5434440832875852670_n.jpg\"><img loading=\"lazy\" decoding=\"async\" class=\"aligncenter size-large wp-image-19169\" src=\"https:\/\/www.giurgiuveanul.ro\/stiri\/wp-content\/uploads\/2015\/02\/20150207-1010128_291991231000916_5434440832875852670_n-507x450.jpg\" alt=\"20150207-1010128_291991231000916_5434440832875852670_n\" width=\"507\" height=\"450\" srcset=\"https:\/\/www.giurgiuveanul.ro\/stiri\/wp-content\/uploads\/2015\/02\/20150207-1010128_291991231000916_5434440832875852670_n-507x450.jpg 507w, https:\/\/www.giurgiuveanul.ro\/stiri\/wp-content\/uploads\/2015\/02\/20150207-1010128_291991231000916_5434440832875852670_n-250x222.jpg 250w, https:\/\/www.giurgiuveanul.ro\/stiri\/wp-content\/uploads\/2015\/02\/20150207-1010128_291991231000916_5434440832875852670_n-400x355.jpg 400w, https:\/\/www.giurgiuveanul.ro\/stiri\/wp-content\/uploads\/2015\/02\/20150207-1010128_291991231000916_5434440832875852670_n.jpg 796w\" sizes=\"auto, (max-width: 507px) 100vw, 507px\" \/><\/a>Giurgiuveanul Liviu Ro\u015fca este unul dintre pu\u0163inii sportivi, din ramura atletismului, cu care Giurgiu se poate m\u00e2ndri. A fost multiplu campion na\u0163ional la juniori \u015fi seniori la proba de 400 de metri \u015fi \u015ftafet\u0103, a participat \u015fi la competi\u0163ii interna\u0163ionale, fiind inclus \u015fi \u00een lotul na\u0163ional al <!--more-->Rom\u00e2niei.<\/p>\n<p style=\"text-align: justify;\">A absolvit Academia Na\u0163ional\u0103 pentru Educa\u0163ie Fizic\u0103 \u015fi Sport \u00een 1985, specializarea atletism.<\/p>\n<p style=\"text-align: justify;\">A \u00eenfiin\u0163at Clubul Sportiv Atletic din Giurgiu, unde a preg\u0103tit mul\u0163i copii talenta\u0163i.<\/p>\n<p style=\"text-align: justify;\">Liviu Ro\u015fca este angajat al Federa\u0163iei Rom\u00e2ne de Atletism, unde de\u0163ine func\u0163ia de pre\u015fedinte al Comisiei de Cros, Mar\u015f, Alergare pe \u015fosea, Maraton \u015fi Alergare montan\u0103.<\/p>\n<p style=\"text-align: justify;\">S\u0103 mai amintim c\u0103 este proprietarul unei tipografii dar \u015fi directorul \u201eEditurii pentru Sport\u201d, unde au v\u0103zut lumina tiparului numeroase volume de carte, cea mai recent\u0103 colaborare fiind aceea cu publicistul giurgiuvean Dan Mucenic, fondatorul colec\u0163iei Biblioteca Giurgiuvean\u0103.<\/p>\n<p style=\"text-align: justify;\">\u00cen cele ce urmeaz\u0103 v\u0103 prezint un articol ap\u0103rut \u00een presa local\u0103, \u00een august 1979, c\u00e2nd, elev fiind, Liviu Ro\u015fca devenise (cred c\u0103 pentru prima oar\u0103, sper s\u0103 nu gre\u015fesc) campion na\u0163ional la atletism. Era la vremea aceea o adev\u0103rat\u0103 m\u00e2ndrie pentru giurgiuveni.<\/p>\n<p style=\"text-align: justify;\">Dar s\u0103 vedem ce consemna presa vremii:<\/p>\n<p style=\"text-align: justify;\"><a href=\"https:\/\/www.giurgiuveanul.ro\/stiri\/wp-content\/uploads\/2015\/02\/articol-bun.jpg\"><img loading=\"lazy\" decoding=\"async\" class=\"aligncenter size-large wp-image-19170\" src=\"https:\/\/www.giurgiuveanul.ro\/stiri\/wp-content\/uploads\/2015\/02\/articol-bun-441x450.jpg\" alt=\"articol bun\" width=\"441\" height=\"450\" srcset=\"https:\/\/www.giurgiuveanul.ro\/stiri\/wp-content\/uploads\/2015\/02\/articol-bun-441x450.jpg 441w, https:\/\/www.giurgiuveanul.ro\/stiri\/wp-content\/uploads\/2015\/02\/articol-bun-250x255.jpg 250w, https:\/\/www.giurgiuveanul.ro\/stiri\/wp-content\/uploads\/2015\/02\/articol-bun-400x408.jpg 400w, https:\/\/www.giurgiuveanul.ro\/stiri\/wp-content\/uploads\/2015\/02\/articol-bun.jpg 1154w\" sizes=\"auto, (max-width: 441px) 100vw, 441px\" \/><\/a><\/p>\n<p style=\"text-align: justify;\"><em>\u201e\u00cen cadrul campionatelor na\u0163ionale de juniori (categoria a III-a) desf\u0103\u015furate la Bac\u0103u, elevul giurgiuvean <\/em><strong><em>Liviu Ro\u015fca<\/em><\/strong><em> a ocupat primul loc \u00een proba de 600 de metri cu timpul de 1:27,1, cucerind titlul de campion la juniori mici.<\/em><\/p>\n<p style=\"text-align: justify;\"><em>Un rezultat bun (locul III) a ob\u0163inut \u015fi colegul s\u0103u <\/em><strong><em>Mirel Scundacu<\/em><\/strong><em>.<\/em><\/p>\n<p style=\"text-align: justify;\"><em>Cei doi sportivi, preg\u0103ti\u0163i cu mult\u0103 pasiune de profesorul <\/em><strong><em>Ion Dima<\/em><\/strong><em>, fac atletism de performan\u0163\u0103 numai de c\u00e2teva luni, dovedind aptitudini \u015fi talent pentru marea performan\u0163\u0103. Succesul acesta reprezint\u0103 o prim\u0103 recompens\u0103 pentru efortul depus at\u00e2t de cei doi elevi c\u00e2t \u015fi de profesorul lor care este de p\u0103rere c\u0103 at\u00e2t Liviu c\u00e2t \u015fi Mirel vor face s\u0103 se spun\u0103 multe lucruri frumoase despre viitoarele lor performan\u0163e.<\/em><\/p>\n<p style=\"text-align: justify;\"><em>Profesorul Dima ne mai declara c\u0103 elevul s\u0103u, <strong>Liviu Ro\u015fca<\/strong>, vine din comuna Ghizdaru unde profesorul <\/em><strong><em>Mih\u0103ilescu Constantin<\/em><\/strong><em> se ocup\u0103 cu mult\u0103 pasiune de ini\u0163ierea copiilor \u00een tainele atletismului.<\/em><\/p>\n<p style=\"text-align: justify;\"><em>Un gest care arat\u0103 sportivitatea exemplar\u0103 a celui care \u00eemparte bucuria succesului cu un coleg care a f\u0103cut de fapt o munc\u0103 de pionierat.\u201d<\/em><\/p>\n<p style=\"text-align: justify;\">\n<p style=\"text-align: justify;\">Vasile Arcanu<\/p>\n","protected":false},"excerpt":{"rendered":"<p>Giurgiuveanul Liviu Ro\u015fca este unul dintre pu\u0163inii sportivi, din ramura atletismului, cu care Giurgiu se poate m\u00e2ndri. A fost multiplu campion na\u0163ional la juniori \u015fi seniori la proba de 400 de metri \u015fi \u015ftafet\u0103, a participat \u015fi la competi\u0163ii interna\u0163ionale, fiind inclus \u015fi \u00een lotul na\u0163ional al<\/p>\n","protected":false},"author":2,"featured_media":0,"comment_status":"open","ping_status":"open","sticky":false,"template":"","format":"standard","meta":{"footnotes":""},"categories":[3],"tags":[],"class_list":["post-19168","post","type-post","status-publish","format-standard","hentry","category-exclusiv"],"_links":{"self":[{"href":"https:\/\/www.giurgiuveanul.ro\/stiri\/wp-json\/wp\/v2\/posts\/19168","targetHints":{"allow":["GET"]}}],"collection":[{"href":"https:\/\/www.giurgiuveanul.ro\/stiri\/wp-json\/wp\/v2\/posts"}],"about":[{"href":"https:\/\/www.giurgiuveanul.ro\/stiri\/wp-json\/wp\/v2\/types\/post"}],"author":[{"embeddable":true,"href":"https:\/\/www.giurgiuveanul.ro\/stiri\/wp-json\/wp\/v2\/users\/2"}],"replies":[{"embeddable":true,"href":"https:\/\/www.giurgiuveanul.ro\/stiri\/wp-json\/wp\/v2\/comments?post=19168"}],"version-history":[{"count":0,"href":"https:\/\/www.giurgiuveanul.ro\/stiri\/wp-json\/wp\/v2\/posts\/19168\/revisions"}],"wp:attachment":[{"href":"https:\/\/www.giurgiuveanul.ro\/stiri\/wp-json\/wp\/v2\/media?parent=19168"}],"wp:term":[{"taxonomy":"category","embeddable":true,"href":"https:\/\/www.giurgiuveanul.ro\/stiri\/wp-json\/wp\/v2\/categories?post=19168"},{"taxonomy":"post_tag","embeddable":true,"href":"https:\/\/www.giurgiuveanul.ro\/stiri\/wp-json\/wp\/v2\/tags?post=19168"}],"curies":[{"name":"wp","href":"https:\/\/api.w.org\/{rel}","templated":true}]}}