{"id":19176,"date":"2015-02-08T12:52:53","date_gmt":"2015-02-08T10:52:53","guid":{"rendered":"https:\/\/www.giurgiuveanul.ro\/stiri\/?p=19176"},"modified":"2015-02-08T12:52:53","modified_gmt":"2015-02-08T10:52:53","slug":"verificati-permisele-de-arma-inca-doi-giurgiuveni-au-patit-o","status":"publish","type":"post","link":"https:\/\/www.giurgiuveanul.ro\/stiri\/verificati-permisele-de-arma-inca-doi-giurgiuveni-au-patit-o\/","title":{"rendered":"Verifica\u0163i permisele de arm\u0103: \u00eenc\u0103 doi giurgiuveni au p\u0103\u0163it-o!"},"content":{"rendered":"<p style=\"text-align: justify;\"><a href=\"https:\/\/www.giurgiuveanul.ro\/stiri\/wp-content\/uploads\/2015\/02\/arma-vanatoare.jpg\"><img loading=\"lazy\" decoding=\"async\" class=\"aligncenter size-large wp-image-19177\" src=\"https:\/\/www.giurgiuveanul.ro\/stiri\/wp-content\/uploads\/2015\/02\/arma-vanatoare-560x123.jpg\" alt=\"arma vanatoare\" width=\"560\" height=\"123\" srcset=\"https:\/\/www.giurgiuveanul.ro\/stiri\/wp-content\/uploads\/2015\/02\/arma-vanatoare-560x123.jpg 560w, https:\/\/www.giurgiuveanul.ro\/stiri\/wp-content\/uploads\/2015\/02\/arma-vanatoare-250x55.jpg 250w, https:\/\/www.giurgiuveanul.ro\/stiri\/wp-content\/uploads\/2015\/02\/arma-vanatoare-400x88.jpg 400w, https:\/\/www.giurgiuveanul.ro\/stiri\/wp-content\/uploads\/2015\/02\/arma-vanatoare.jpg 1500w\" sizes=\"auto, (max-width: 560px) 100vw, 560px\" \/><\/a>\u00cen data de 5 februarie a.c., poli\u0163i\u015fti din cadrul Serviciului Arme Exploziv \u015fi Substan\u0163e Periculoase au depistat un b\u0103rbat, de 61 ani, din municipiul Giurgiu, care avea <!--more-->expirat permisul de arm\u0103 pentru o arm\u0103 de v\u00e2n\u0103toare cal. 12 mm.<\/p>\n<p style=\"text-align: justify;\">De asemenea, a fost depistat un b\u0103rbat, de 55 ani, din comuna Joi\u0163a, jude\u0163ul Giurgiu, care avea expirat permisul de arm\u0103 pentru o arm\u0103 cu glon\u0163 cal. 9&#215;19 mm. \u015fi o arm\u0103 cu aer comprimat cal. 5.5 mm.<\/p>\n<p style=\"text-align: justify;\">Armele au fost ridicate pentru continuarea cercet\u0103rilor iar de\u0163in\u0103torii sunt cerceta\u0163i pentru comiterea infrac\u0163iunii de nerespectarea regimului armelor \u015fi muni\u0163iilor.<\/p>\n","protected":false},"excerpt":{"rendered":"<p>\u00cen data de 5 februarie a.c., poli\u0163i\u015fti din cadrul Serviciului Arme Exploziv \u015fi Substan\u0163e Periculoase au depistat un b\u0103rbat, de 61 ani, din municipiul Giurgiu, care avea<\/p>\n","protected":false},"author":2,"featured_media":0,"comment_status":"open","ping_status":"open","sticky":false,"template":"","format":"standard","meta":{"footnotes":""},"categories":[6],"tags":[],"class_list":["post-19176","post","type-post","status-publish","format-standard","hentry","category-breaking-news"],"_links":{"self":[{"href":"https:\/\/www.giurgiuveanul.ro\/stiri\/wp-json\/wp\/v2\/posts\/19176","targetHints":{"allow":["GET"]}}],"collection":[{"href":"https:\/\/www.giurgiuveanul.ro\/stiri\/wp-json\/wp\/v2\/posts"}],"about":[{"href":"https:\/\/www.giurgiuveanul.ro\/stiri\/wp-json\/wp\/v2\/types\/post"}],"author":[{"embeddable":true,"href":"https:\/\/www.giurgiuveanul.ro\/stiri\/wp-json\/wp\/v2\/users\/2"}],"replies":[{"embeddable":true,"href":"https:\/\/www.giurgiuveanul.ro\/stiri\/wp-json\/wp\/v2\/comments?post=19176"}],"version-history":[{"count":0,"href":"https:\/\/www.giurgiuveanul.ro\/stiri\/wp-json\/wp\/v2\/posts\/19176\/revisions"}],"wp:attachment":[{"href":"https:\/\/www.giurgiuveanul.ro\/stiri\/wp-json\/wp\/v2\/media?parent=19176"}],"wp:term":[{"taxonomy":"category","embeddable":true,"href":"https:\/\/www.giurgiuveanul.ro\/stiri\/wp-json\/wp\/v2\/categories?post=19176"},{"taxonomy":"post_tag","embeddable":true,"href":"https:\/\/www.giurgiuveanul.ro\/stiri\/wp-json\/wp\/v2\/tags?post=19176"}],"curies":[{"name":"wp","href":"https:\/\/api.w.org\/{rel}","templated":true}]}}