{"id":19179,"date":"2015-02-08T13:59:52","date_gmt":"2015-02-08T11:59:52","guid":{"rendered":"https:\/\/www.giurgiuveanul.ro\/stiri\/?p=19179"},"modified":"2015-02-08T14:23:56","modified_gmt":"2015-02-08T12:23:56","slug":"doi-migranti-ascunsi-intr-un-tir-prinsi-de-politistii-de-frontiera-giurgiuveni","status":"publish","type":"post","link":"https:\/\/www.giurgiuveanul.ro\/stiri\/doi-migranti-ascunsi-intr-un-tir-prinsi-de-politistii-de-frontiera-giurgiuveni\/","title":{"rendered":"Doi migran\u0163i, ascun\u015fi \u00eentr-un TIR, prin\u015fi de poli\u0163i\u015ftii de frontier\u0103 giurgiuveni"},"content":{"rendered":"<p><em><a href=\"https:\/\/www.giurgiuveanul.ro\/stiri\/wp-content\/uploads\/2015\/02\/20150208-migranti-din-nou.jpg\"><img loading=\"lazy\" decoding=\"async\" class=\"aligncenter size-full wp-image-19180\" src=\"https:\/\/www.giurgiuveanul.ro\/stiri\/wp-content\/uploads\/2015\/02\/20150208-migranti-din-nou.jpg\" alt=\"20150208-migranti din nou\" width=\"476\" height=\"336\" srcset=\"https:\/\/www.giurgiuveanul.ro\/stiri\/wp-content\/uploads\/2015\/02\/20150208-migranti-din-nou.jpg 476w, https:\/\/www.giurgiuveanul.ro\/stiri\/wp-content\/uploads\/2015\/02\/20150208-migranti-din-nou-250x176.jpg 250w, https:\/\/www.giurgiuveanul.ro\/stiri\/wp-content\/uploads\/2015\/02\/20150208-migranti-din-nou-400x282.jpg 400w\" sizes=\"auto, (max-width: 476px) 100vw, 476px\" \/><\/a>Poli\u0163i\u015ftii de frontier\u0103 din cadrul I.T.P.F. Giurgiu &#8211; P.T.F. Giurgiu au descoperit, ascun\u015fi \u00eentr-un camion \u00eenc\u0103rcat cu tuburi de aluminiu, un afgan \u015fi un pakistanez care \u00eencercau astfel s\u0103 intre ilegal \u00een \u0163ar\u0103.<\/em><\/p>\n<p>\u00cen <!--more-->Recent,\u00a0la Punctul de Trecere a Frontierei Giurgiu s-a prezentat pentru a intra \u00een \u0163ar\u0103, la volanul unui autocamion Renault, cet\u0103\u0163eanul turc Mesut K., \u00een v\u00e2rst\u0103 de 59 de ani, care transporta, conform documentelor de \u00eenso\u0163ire, 18 tuburi metalice din Tucia pentru Norvegia.<\/p>\n<p>\u00cen baza unei analize de risc, poli\u0163i\u015ftii de frontier\u0103 giurgiuveni au efectuat un control am\u0103nun\u0163it asupra camionului, ocazie cu care au observat c\u0103 partea superioar\u0103 a prelatei semiremorcii este t\u0103iat\u0103. Proced\u00e2nd la verificarea camionului, \u00een compartimentul marf\u0103, ascunse printre tuburile metalice, au fost descoperite dou\u0103 persoane de sex masculin. Din verific\u0103rile efectuate, s-a constatat faptul c\u0103 este vorba despre un cet\u0103\u0163ean afgan si un cet\u0103\u0163ean pakistanez, despre care \u015foferul turc a declarat c\u0103 nu avea cuno\u015ftin\u0163\u0103 c\u0103 sunt ascun\u015fi \u00een mijlocul de transport<\/p>\n<p>Poli\u0163i\u015ftii de frontier\u0103 au procedat la \u00eentreruperea c\u0103l\u0103toriei persoanelor \u00een cauz\u0103, iar conform protocolului rom\u00e2no &#8211; bulgar, acestea urm\u00e2nd a fi predate Poli\u0163iei de Frontier\u0103 Bulgare \u00een vederea continu\u0103rii cercet\u0103rilor \u015fi dispunerii m\u0103surilor legale ce se impun.<\/p>\n","protected":false},"excerpt":{"rendered":"<p>Poli\u0163i\u015ftii de frontier\u0103 din cadrul I.T.P.F. Giurgiu &#8211; P.T.F. Giurgiu au descoperit, ascun\u015fi \u00eentr-un camion \u00eenc\u0103rcat cu tuburi de aluminiu, un afgan \u015fi un pakistanez care \u00eencercau astfel s\u0103 intre ilegal \u00een \u0163ar\u0103. \u00cen<\/p>\n","protected":false},"author":2,"featured_media":0,"comment_status":"open","ping_status":"open","sticky":false,"template":"","format":"standard","meta":{"footnotes":""},"categories":[6],"tags":[],"class_list":["post-19179","post","type-post","status-publish","format-standard","hentry","category-breaking-news"],"_links":{"self":[{"href":"https:\/\/www.giurgiuveanul.ro\/stiri\/wp-json\/wp\/v2\/posts\/19179","targetHints":{"allow":["GET"]}}],"collection":[{"href":"https:\/\/www.giurgiuveanul.ro\/stiri\/wp-json\/wp\/v2\/posts"}],"about":[{"href":"https:\/\/www.giurgiuveanul.ro\/stiri\/wp-json\/wp\/v2\/types\/post"}],"author":[{"embeddable":true,"href":"https:\/\/www.giurgiuveanul.ro\/stiri\/wp-json\/wp\/v2\/users\/2"}],"replies":[{"embeddable":true,"href":"https:\/\/www.giurgiuveanul.ro\/stiri\/wp-json\/wp\/v2\/comments?post=19179"}],"version-history":[{"count":0,"href":"https:\/\/www.giurgiuveanul.ro\/stiri\/wp-json\/wp\/v2\/posts\/19179\/revisions"}],"wp:attachment":[{"href":"https:\/\/www.giurgiuveanul.ro\/stiri\/wp-json\/wp\/v2\/media?parent=19179"}],"wp:term":[{"taxonomy":"category","embeddable":true,"href":"https:\/\/www.giurgiuveanul.ro\/stiri\/wp-json\/wp\/v2\/categories?post=19179"},{"taxonomy":"post_tag","embeddable":true,"href":"https:\/\/www.giurgiuveanul.ro\/stiri\/wp-json\/wp\/v2\/tags?post=19179"}],"curies":[{"name":"wp","href":"https:\/\/api.w.org\/{rel}","templated":true}]}}