{"id":19192,"date":"2015-02-09T14:18:24","date_gmt":"2015-02-09T12:18:24","guid":{"rendered":"https:\/\/www.giurgiuveanul.ro\/stiri\/?p=19192"},"modified":"2015-02-09T14:18:24","modified_gmt":"2015-02-09T12:18:24","slug":"accident-rutier-soldat-cu-patru-victime","status":"publish","type":"post","link":"https:\/\/www.giurgiuveanul.ro\/stiri\/accident-rutier-soldat-cu-patru-victime\/","title":{"rendered":"Accident rutier soldat cu patru victime"},"content":{"rendered":"<p style=\"text-align: justify;\"><a href=\"https:\/\/www.giurgiuveanul.ro\/stiri\/wp-content\/uploads\/2015\/02\/accident-noaptea-politie.jpg\"><img loading=\"lazy\" decoding=\"async\" class=\"aligncenter size-full wp-image-19193\" src=\"https:\/\/www.giurgiuveanul.ro\/stiri\/wp-content\/uploads\/2015\/02\/accident-noaptea-politie.jpg\" alt=\"accident-noaptea-politie\" width=\"504\" height=\"402\" srcset=\"https:\/\/www.giurgiuveanul.ro\/stiri\/wp-content\/uploads\/2015\/02\/accident-noaptea-politie.jpg 504w, https:\/\/www.giurgiuveanul.ro\/stiri\/wp-content\/uploads\/2015\/02\/accident-noaptea-politie-250x199.jpg 250w, https:\/\/www.giurgiuveanul.ro\/stiri\/wp-content\/uploads\/2015\/02\/accident-noaptea-politie-400x319.jpg 400w\" sizes=\"auto, (max-width: 504px) 100vw, 504px\" \/><\/a>Ieri, la ora 18.00, S. M., un t\u00e2n\u0103r, de 23 ani, din <!--more-->ora\u015ful Bolintin Vale, jude\u0163ul Giurgiu, \u00een timp ce conducea autoturismul pe Drumul Na\u0163ional 61, \u00een localitatea G\u0103iseanca, jude\u0163ul Giurgiu, nu s-a asigurat la schimbarea direc\u0163iei de mers, moment \u00een care a p\u0103truns pe contrasens \u015fi a intrat \u00een coliziune cu un alt autoturism ce se deplasa din direc\u0163ia Crevedia Mare c\u0103tre V\u00e2n\u0103torii Mici, condus de F. I., un b\u0103rbat de 36 ani, din comuna Crevedia Mare, jude\u0163ul Giurgiu.<\/p>\n<p style=\"text-align: justify;\">Din accident a rezultat r\u0103nirea u\u015foar\u0103 a dou\u0103 tinere, M. M. D., de 19 ani \u015fi M. A. I., de 22 ani, din comuna Crevedia Mare, a lui N. M. L., un t\u00e2n\u0103r de 24 ani, din comuna Crevedia Mare, jude\u0163ul Giurgiu, precum \u015fi a lui L. D. A., o t\u00e2n\u0103r\u0103 de 19 ani, din comuna G\u0103iseni, jude\u0163ul Giurgiu, pasageri \u00een autoturismul al c\u0103rui conduc\u0103tor auto nu s-a asigurat la schimbarea direc\u0163iei de mers, care au fost transporta\u0163i la\u00a0Spitalul Universitar de Urgen\u0163\u0103 Bucure\u015fti pentru acordarea de \u00eengrijiri medicale \u015fi efectuarea de investiga\u0163ii suplimentare, f\u0103r\u0103 a r\u0103m\u00e2ne interna\u0163i.<\/p>\n<p style=\"text-align: justify;\">Conduc\u0103torii\u00a0 auto au fost testa\u0163i cu aparatul etilotest, rezultatul fiind 0,00 mg\/l alcool pur \u00een aerul expirat pentru conduc\u0103torul auto S. M. , respectiv 0,32 mg\/l alcool pur \u00een aerul expirat pentru conduc\u0103torul auto F. I. \u015fi le-au fost recoltate probe biologice de s\u00e2nge \u00een vederea stabilirii alcoolemiei.<\/p>\n<p style=\"text-align: justify;\">Poli\u0163i\u015ftii Forma\u0163iunii Rutiere de la Poli\u0163ia Ora\u015fului Bolintin Vale au \u00eentocmit \u00een cauz\u0103 un dosar penal \u00een care efectueaz\u0103 cercet\u0103ri fa\u0163\u0103 de S.M.\u00a0 pentru s\u0103v\u00e2r\u015firea infrac\u0163iunii de v\u0103t\u0103mare corporal\u0103 din culp\u0103.<\/p>\n","protected":false},"excerpt":{"rendered":"<p>Ieri, la ora 18.00, S. M., un t\u00e2n\u0103r, de 23 ani, din<\/p>\n","protected":false},"author":2,"featured_media":0,"comment_status":"open","ping_status":"open","sticky":false,"template":"","format":"standard","meta":{"footnotes":""},"categories":[6],"tags":[],"class_list":["post-19192","post","type-post","status-publish","format-standard","hentry","category-breaking-news"],"_links":{"self":[{"href":"https:\/\/www.giurgiuveanul.ro\/stiri\/wp-json\/wp\/v2\/posts\/19192","targetHints":{"allow":["GET"]}}],"collection":[{"href":"https:\/\/www.giurgiuveanul.ro\/stiri\/wp-json\/wp\/v2\/posts"}],"about":[{"href":"https:\/\/www.giurgiuveanul.ro\/stiri\/wp-json\/wp\/v2\/types\/post"}],"author":[{"embeddable":true,"href":"https:\/\/www.giurgiuveanul.ro\/stiri\/wp-json\/wp\/v2\/users\/2"}],"replies":[{"embeddable":true,"href":"https:\/\/www.giurgiuveanul.ro\/stiri\/wp-json\/wp\/v2\/comments?post=19192"}],"version-history":[{"count":0,"href":"https:\/\/www.giurgiuveanul.ro\/stiri\/wp-json\/wp\/v2\/posts\/19192\/revisions"}],"wp:attachment":[{"href":"https:\/\/www.giurgiuveanul.ro\/stiri\/wp-json\/wp\/v2\/media?parent=19192"}],"wp:term":[{"taxonomy":"category","embeddable":true,"href":"https:\/\/www.giurgiuveanul.ro\/stiri\/wp-json\/wp\/v2\/categories?post=19192"},{"taxonomy":"post_tag","embeddable":true,"href":"https:\/\/www.giurgiuveanul.ro\/stiri\/wp-json\/wp\/v2\/tags?post=19192"}],"curies":[{"name":"wp","href":"https:\/\/api.w.org\/{rel}","templated":true}]}}