{"id":19195,"date":"2015-02-09T14:46:19","date_gmt":"2015-02-09T12:46:19","guid":{"rendered":"https:\/\/www.giurgiuveanul.ro\/stiri\/?p=19195"},"modified":"2015-02-09T14:46:19","modified_gmt":"2015-02-09T12:46:19","slug":"comisarul-sef-vasile-moise-noul-adjunct-al-sefului-inspectoratului-de-politie-judetean-giurgiu","status":"publish","type":"post","link":"https:\/\/www.giurgiuveanul.ro\/stiri\/comisarul-sef-vasile-moise-noul-adjunct-al-sefului-inspectoratului-de-politie-judetean-giurgiu\/","title":{"rendered":"Comisarul \u015fef Vasile Moise, noul adjunct al \u015fefului Inspectoratului de Poli\u0163ie Jude\u0163ean Giurgiu"},"content":{"rendered":"<p style=\"text-align: justify;\"><a href=\"https:\/\/www.giurgiuveanul.ro\/stiri\/wp-content\/uploads\/2015\/02\/MOISE-VASILE-1.jpg\"><img loading=\"lazy\" decoding=\"async\" class=\"aligncenter size-full wp-image-19196\" src=\"https:\/\/www.giurgiuveanul.ro\/stiri\/wp-content\/uploads\/2015\/02\/MOISE-VASILE-1.jpg\" alt=\"MOISE VASILE 1\" width=\"379\" height=\"415\" srcset=\"https:\/\/www.giurgiuveanul.ro\/stiri\/wp-content\/uploads\/2015\/02\/MOISE-VASILE-1.jpg 379w, https:\/\/www.giurgiuveanul.ro\/stiri\/wp-content\/uploads\/2015\/02\/MOISE-VASILE-1-250x274.jpg 250w\" sizes=\"auto, (max-width: 379px) 100vw, 379px\" \/><\/a>\u00cencep\u00e2nd cu data de 1 februarie 2015, prin Dispozi\u0163ia Inspectorului General al Poli\u0163iei Rom\u00e2ne, \u00een func\u0163ia de Adjunct al \u015eefului Inspectoratului de Poli\u0163ie Jude\u0163ean Giurgiu a fost numit comisarul \u015fef de poli\u0163ie Vasile Moise.<\/p>\n<p style=\"text-align: justify;\">\u00cen anul 1982, <!--more-->dup\u0103 absolvirea \u015ecolii de subofi\u0163eri \u201e<em>Nicolae Golescu<\/em>\u201d Slatina, domnul Moise Vasile \u015fi-a \u00eenceput cariera de subofi\u0163er \u00een cadrul structurilor de Ordine Public\u0103 din cadrul I.P.J. Giurgiu, iar din anul 1994 a trecut \u00een corpul ofi\u0163erilor \u015fi \u015fi-a desf\u0103\u015furat activitatea tot \u00een cadrul aceleia\u015fi structuri, p\u00e2n\u0103 la numirea \u00een func\u0163ia de Adjunct al \u015eefului I.P.J. Giurgiu.<\/p>\n<p style=\"text-align: justify;\">Ca ofi\u0163er a ocupat func\u0163ii de execu\u0163ie \u015fi conducere \u00een cadrul Inspectoratului de Poli\u0163ie Jude\u0163ean Giurgiu, ultima fiind aceea de \u015eef al Serviciului de Ordine Public\u0103.<\/p>\n<p style=\"text-align: justify;\">Conducerea \u015fi colectivul Inspectoratului de Poli\u0163ie Jude\u0163ean Giurgiu \u00eei ureaz\u0103 succes \u00een activitate \u015fi multe realiz\u0103ri.<\/p>\n","protected":false},"excerpt":{"rendered":"<p>\u00cencep\u00e2nd cu data de 1 februarie 2015, prin Dispozi\u0163ia Inspectorului General al Poli\u0163iei Rom\u00e2ne, \u00een func\u0163ia de Adjunct al \u015eefului Inspectoratului de Poli\u0163ie Jude\u0163ean Giurgiu a fost numit comisarul \u015fef de poli\u0163ie Vasile Moise. \u00cen anul 1982,<\/p>\n","protected":false},"author":2,"featured_media":0,"comment_status":"open","ping_status":"open","sticky":false,"template":"","format":"standard","meta":{"footnotes":""},"categories":[6],"tags":[],"class_list":["post-19195","post","type-post","status-publish","format-standard","hentry","category-breaking-news"],"_links":{"self":[{"href":"https:\/\/www.giurgiuveanul.ro\/stiri\/wp-json\/wp\/v2\/posts\/19195","targetHints":{"allow":["GET"]}}],"collection":[{"href":"https:\/\/www.giurgiuveanul.ro\/stiri\/wp-json\/wp\/v2\/posts"}],"about":[{"href":"https:\/\/www.giurgiuveanul.ro\/stiri\/wp-json\/wp\/v2\/types\/post"}],"author":[{"embeddable":true,"href":"https:\/\/www.giurgiuveanul.ro\/stiri\/wp-json\/wp\/v2\/users\/2"}],"replies":[{"embeddable":true,"href":"https:\/\/www.giurgiuveanul.ro\/stiri\/wp-json\/wp\/v2\/comments?post=19195"}],"version-history":[{"count":0,"href":"https:\/\/www.giurgiuveanul.ro\/stiri\/wp-json\/wp\/v2\/posts\/19195\/revisions"}],"wp:attachment":[{"href":"https:\/\/www.giurgiuveanul.ro\/stiri\/wp-json\/wp\/v2\/media?parent=19195"}],"wp:term":[{"taxonomy":"category","embeddable":true,"href":"https:\/\/www.giurgiuveanul.ro\/stiri\/wp-json\/wp\/v2\/categories?post=19195"},{"taxonomy":"post_tag","embeddable":true,"href":"https:\/\/www.giurgiuveanul.ro\/stiri\/wp-json\/wp\/v2\/tags?post=19195"}],"curies":[{"name":"wp","href":"https:\/\/api.w.org\/{rel}","templated":true}]}}