{"id":19198,"date":"2015-02-09T15:59:27","date_gmt":"2015-02-09T13:59:27","guid":{"rendered":"https:\/\/www.giurgiuveanul.ro\/stiri\/?p=19198"},"modified":"2015-02-09T15:59:27","modified_gmt":"2015-02-09T13:59:27","slug":"biserica-sfantul-haralambie-isi-sarbatoreste-hramul","status":"publish","type":"post","link":"https:\/\/www.giurgiuveanul.ro\/stiri\/biserica-sfantul-haralambie-isi-sarbatoreste-hramul\/","title":{"rendered":"Biserica \u201eSf\u00e2ntul Haralambie\u201d \u00ee\u015fi s\u0103rb\u0103tore\u015fte hramul"},"content":{"rendered":"<p style=\"text-align: justify;\"><a href=\"https:\/\/www.giurgiuveanul.ro\/stiri\/wp-content\/uploads\/2015\/02\/20150209-IMG_6272.jpg\"><img loading=\"lazy\" decoding=\"async\" class=\"aligncenter size-large wp-image-19199\" src=\"https:\/\/www.giurgiuveanul.ro\/stiri\/wp-content\/uploads\/2015\/02\/20150209-IMG_6272-560x433.jpg\" alt=\"20150209-IMG_6272\" width=\"560\" height=\"433\" srcset=\"https:\/\/www.giurgiuveanul.ro\/stiri\/wp-content\/uploads\/2015\/02\/20150209-IMG_6272-560x433.jpg 560w, https:\/\/www.giurgiuveanul.ro\/stiri\/wp-content\/uploads\/2015\/02\/20150209-IMG_6272-250x193.jpg 250w, https:\/\/www.giurgiuveanul.ro\/stiri\/wp-content\/uploads\/2015\/02\/20150209-IMG_6272-400x309.jpg 400w, https:\/\/www.giurgiuveanul.ro\/stiri\/wp-content\/uploads\/2015\/02\/20150209-IMG_6272.jpg 800w\" sizes=\"auto, (max-width: 560px) 100vw, 560px\" \/><\/a>Biserica Sf\u00e2ntul Haralambie din Giurgiu \u00ee\u015fi va s\u0103rb\u0103tori, m\u00e2ine, 10 februarie 2015, de praznicul Sf\u00e2ntului Mucenic Haralambie, Ocrotitorul spiritual. Preasfin\u0163itul Dr. Ambrozie, Episcopul Giurgiului, va s\u0103v\u00e2r\u015fi slujba Sfintei Liturghii, \u00eempreun\u0103 cu un sobor de preo\u0163i \u015fi diaconi. \u00cen aceast\u0103 sear\u0103, la Biserica Sf\u00e2ntul Haralambie se<!--more--> vor s\u0103v\u00e2r\u015fi slujba Acatistului Sf\u00e2ntului, precum \u015fi Vecernia.<\/p>\n<p style=\"text-align: justify;\">Sf\u00e2ntului Mucenic Haralambie, ap\u0103r\u0103torul de cium\u0103,<\/p>\n<p style=\"text-align: justify;\"><a href=\"https:\/\/www.giurgiuveanul.ro\/stiri\/wp-content\/uploads\/2015\/02\/Haralambie-2.jpg\"><img loading=\"lazy\" decoding=\"async\" class=\"aligncenter size-full wp-image-19202\" src=\"https:\/\/www.giurgiuveanul.ro\/stiri\/wp-content\/uploads\/2015\/02\/Haralambie-2.jpg\" alt=\"Haralambie 2\" width=\"327\" height=\"448\" srcset=\"https:\/\/www.giurgiuveanul.ro\/stiri\/wp-content\/uploads\/2015\/02\/Haralambie-2.jpg 327w, https:\/\/www.giurgiuveanul.ro\/stiri\/wp-content\/uploads\/2015\/02\/Haralambie-2-219x300.jpg 219w\" sizes=\"auto, (max-width: 327px) 100vw, 327px\" \/><\/a><\/p>\n<p style=\"text-align: justify;\">\u00eei sunt \u00eenchinate \u00een \u0163ara noastr\u0103 mai multe biserici, ca urmare a evlaviei oamenilor fa\u0163\u0103 de el \u015fi ca o consecin\u0163\u0103 a marilor epidemii care au \u00eenfrico\u015fat \u0162\u0103rile Rom\u00e2ne de mai multe ori \u00een istoria lor. \u00cen Bucure\u015fti, Gala\u0163i, Ia\u015fi, Turnu M\u0103gurele exist\u0103 sfinte l\u0103ca\u015furi cu hramul Sf\u00e2ntului Haralambie, dar \u015fi la Giurgiu exist\u0103 unul, pe \u015foseaua Sloboziei, \u00een cimitirul cu acela\u015fi nume.<\/p>\n<p style=\"text-align: justify;\">\u00cen ceea ce prive\u015fte moa\u015ftele, avem, de asemenea, p\u0103rticele at\u00e2t \u00een Capital\u0103, c\u00e2t \u015fi \u00een alte biserici din Rom\u00e2nia\u2026 dar \u015fi la Giurgiu, chiar \u00een acest sf\u00e2nt loca\u015f de cult!<\/p>\n<p style=\"text-align: justify;\"><a href=\"https:\/\/www.giurgiuveanul.ro\/stiri\/wp-content\/uploads\/2015\/02\/20150209-IMG_6259.jpg\"><img loading=\"lazy\" decoding=\"async\" class=\"aligncenter size-large wp-image-19200\" src=\"https:\/\/www.giurgiuveanul.ro\/stiri\/wp-content\/uploads\/2015\/02\/20150209-IMG_6259-560x369.jpg\" alt=\"20150209-IMG_6259\" width=\"560\" height=\"369\" srcset=\"https:\/\/www.giurgiuveanul.ro\/stiri\/wp-content\/uploads\/2015\/02\/20150209-IMG_6259-560x369.jpg 560w, https:\/\/www.giurgiuveanul.ro\/stiri\/wp-content\/uploads\/2015\/02\/20150209-IMG_6259-250x165.jpg 250w, https:\/\/www.giurgiuveanul.ro\/stiri\/wp-content\/uploads\/2015\/02\/20150209-IMG_6259-400x264.jpg 400w, https:\/\/www.giurgiuveanul.ro\/stiri\/wp-content\/uploads\/2015\/02\/20150209-IMG_6259.jpg 800w\" sizes=\"auto, (max-width: 560px) 100vw, 560px\" \/><\/a><\/p>\n","protected":false},"excerpt":{"rendered":"<p>Biserica Sf\u00e2ntul Haralambie din Giurgiu \u00ee\u015fi va s\u0103rb\u0103tori, m\u00e2ine, 10 februarie 2015, de praznicul Sf\u00e2ntului Mucenic Haralambie, Ocrotitorul spiritual. Preasfin\u0163itul Dr. Ambrozie, Episcopul Giurgiului, va s\u0103v\u00e2r\u015fi slujba Sfintei Liturghii, \u00eempreun\u0103 cu un sobor de preo\u0163i \u015fi diaconi. \u00cen aceast\u0103 sear\u0103, la Biserica Sf\u00e2ntul Haralambie se<\/p>\n","protected":false},"author":2,"featured_media":0,"comment_status":"open","ping_status":"open","sticky":false,"template":"","format":"standard","meta":{"footnotes":""},"categories":[6],"tags":[],"class_list":["post-19198","post","type-post","status-publish","format-standard","hentry","category-breaking-news"],"_links":{"self":[{"href":"https:\/\/www.giurgiuveanul.ro\/stiri\/wp-json\/wp\/v2\/posts\/19198","targetHints":{"allow":["GET"]}}],"collection":[{"href":"https:\/\/www.giurgiuveanul.ro\/stiri\/wp-json\/wp\/v2\/posts"}],"about":[{"href":"https:\/\/www.giurgiuveanul.ro\/stiri\/wp-json\/wp\/v2\/types\/post"}],"author":[{"embeddable":true,"href":"https:\/\/www.giurgiuveanul.ro\/stiri\/wp-json\/wp\/v2\/users\/2"}],"replies":[{"embeddable":true,"href":"https:\/\/www.giurgiuveanul.ro\/stiri\/wp-json\/wp\/v2\/comments?post=19198"}],"version-history":[{"count":0,"href":"https:\/\/www.giurgiuveanul.ro\/stiri\/wp-json\/wp\/v2\/posts\/19198\/revisions"}],"wp:attachment":[{"href":"https:\/\/www.giurgiuveanul.ro\/stiri\/wp-json\/wp\/v2\/media?parent=19198"}],"wp:term":[{"taxonomy":"category","embeddable":true,"href":"https:\/\/www.giurgiuveanul.ro\/stiri\/wp-json\/wp\/v2\/categories?post=19198"},{"taxonomy":"post_tag","embeddable":true,"href":"https:\/\/www.giurgiuveanul.ro\/stiri\/wp-json\/wp\/v2\/tags?post=19198"}],"curies":[{"name":"wp","href":"https:\/\/api.w.org\/{rel}","templated":true}]}}