{"id":19204,"date":"2015-02-09T17:36:56","date_gmt":"2015-02-09T15:36:56","guid":{"rendered":"https:\/\/www.giurgiuveanul.ro\/stiri\/?p=19204"},"modified":"2015-02-09T17:36:56","modified_gmt":"2015-02-09T15:36:56","slug":"peste-38-000-de-elevi-giurgiuveni-s-au-intors-astazi-la-scoala","status":"publish","type":"post","link":"https:\/\/www.giurgiuveanul.ro\/stiri\/peste-38-000-de-elevi-giurgiuveni-s-au-intors-astazi-la-scoala\/","title":{"rendered":"Peste 38.000 de elevi giurgiuveni s-au \u00eentors, ast\u0103zi, la \u015fcoal\u0103"},"content":{"rendered":"<p style=\"text-align: justify;\"><strong><a href=\"https:\/\/www.giurgiuveanul.ro\/stiri\/wp-content\/uploads\/2015\/02\/20150209-elevi-la-cursuri.jpg\"><img loading=\"lazy\" decoding=\"async\" class=\"aligncenter size-large wp-image-19205\" src=\"https:\/\/www.giurgiuveanul.ro\/stiri\/wp-content\/uploads\/2015\/02\/20150209-elevi-la-cursuri-560x373.jpg\" alt=\"20150209-elevi la cursuri\" width=\"560\" height=\"373\" srcset=\"https:\/\/www.giurgiuveanul.ro\/stiri\/wp-content\/uploads\/2015\/02\/20150209-elevi-la-cursuri-560x373.jpg 560w, https:\/\/www.giurgiuveanul.ro\/stiri\/wp-content\/uploads\/2015\/02\/20150209-elevi-la-cursuri-250x167.jpg 250w, https:\/\/www.giurgiuveanul.ro\/stiri\/wp-content\/uploads\/2015\/02\/20150209-elevi-la-cursuri-400x267.jpg 400w, https:\/\/www.giurgiuveanul.ro\/stiri\/wp-content\/uploads\/2015\/02\/20150209-elevi-la-cursuri.jpg 600w\" sizes=\"auto, (max-width: 560px) 100vw, 560px\" \/><\/a>Ast\u0103zi, 9 februarie, elevii \u015fi pre\u015fcolarii din toat\u0103 \u0163ara au revenit la cursuri. Potrivit structurii anului \u015fcolar 2014-2015, cursurile au fost\u00a0reluate luni, 9 februarie, \u015fi se vor \u00eencheia pe <!--more-->10 aprilie 2015.<\/strong><\/p>\n<p style=\"text-align: justify;\">La nivelul jude\u0163ului nostru, peste 38.000 de elevi s-au \u00eentors \u00een b\u0103nci, ne-a informat Georgeta St\u0103nescu, purt\u0103torul de cuv\u00e2nt al Inspectoratului \u015ecolar Jude\u0163ean Giurgiu. \u00cen perioada 6-10 aprilie, elevii vor participa la programul \u201e\u015ecoala altfel: S\u0103 \u015ftii mai multe, s\u0103 fii mai bun!\u201d, s\u0103pt\u0103m\u00e2n\u0103 cu un orar specific. Va urma vacan\u0163a de prim\u0103var\u0103, \u00een perioada 11 aprilie &#8211; 19 aprilie, dup\u0103 care, \u00een perioada 20 aprilie &#8211; 19 iunie, elevii vor avea cursuri. Vacan\u0163a de var\u0103 va \u00eencepe pe data de 20 iunie \u015fi se va \u00eencheia pe 13 septembrie.<\/p>\n<p style=\"text-align: justify;\">Tezele din semestrul al II-lea vor fi organizate p\u00e2n\u0103 la data de 22 mai. Simul\u0103rile pentru elevii clasei a VIII-a se vor desf\u0103\u015fura \u00een zilele de 23, 24 \u015fi 25 februarie, \u00een timp ce simul\u0103rile pentru examenul de Bacalaureat vor fi organizate \u00een zilele de 2, 3, 4 \u015fi 6 martie pentru elevii claselor a XI-a \u015fi a XII-a.<\/p>\n","protected":false},"excerpt":{"rendered":"<p>Ast\u0103zi, 9 februarie, elevii \u015fi pre\u015fcolarii din toat\u0103 \u0163ara au revenit la cursuri. Potrivit structurii anului \u015fcolar 2014-2015, cursurile au fost\u00a0reluate luni, 9 februarie, \u015fi se vor \u00eencheia pe<\/p>\n","protected":false},"author":2,"featured_media":0,"comment_status":"open","ping_status":"open","sticky":false,"template":"","format":"standard","meta":{"footnotes":""},"categories":[6],"tags":[],"class_list":["post-19204","post","type-post","status-publish","format-standard","hentry","category-breaking-news"],"_links":{"self":[{"href":"https:\/\/www.giurgiuveanul.ro\/stiri\/wp-json\/wp\/v2\/posts\/19204","targetHints":{"allow":["GET"]}}],"collection":[{"href":"https:\/\/www.giurgiuveanul.ro\/stiri\/wp-json\/wp\/v2\/posts"}],"about":[{"href":"https:\/\/www.giurgiuveanul.ro\/stiri\/wp-json\/wp\/v2\/types\/post"}],"author":[{"embeddable":true,"href":"https:\/\/www.giurgiuveanul.ro\/stiri\/wp-json\/wp\/v2\/users\/2"}],"replies":[{"embeddable":true,"href":"https:\/\/www.giurgiuveanul.ro\/stiri\/wp-json\/wp\/v2\/comments?post=19204"}],"version-history":[{"count":0,"href":"https:\/\/www.giurgiuveanul.ro\/stiri\/wp-json\/wp\/v2\/posts\/19204\/revisions"}],"wp:attachment":[{"href":"https:\/\/www.giurgiuveanul.ro\/stiri\/wp-json\/wp\/v2\/media?parent=19204"}],"wp:term":[{"taxonomy":"category","embeddable":true,"href":"https:\/\/www.giurgiuveanul.ro\/stiri\/wp-json\/wp\/v2\/categories?post=19204"},{"taxonomy":"post_tag","embeddable":true,"href":"https:\/\/www.giurgiuveanul.ro\/stiri\/wp-json\/wp\/v2\/tags?post=19204"}],"curies":[{"name":"wp","href":"https:\/\/api.w.org\/{rel}","templated":true}]}}