{"id":20901,"date":"2015-04-27T10:20:46","date_gmt":"2015-04-27T07:20:46","guid":{"rendered":"https:\/\/www.giurgiuveanul.ro\/stiri\/?p=20901"},"modified":"2015-04-27T15:30:06","modified_gmt":"2015-04-27T12:30:06","slug":"dramatic-comisarul-sef-teodor-palici-plecat-la-plimbare-cu-bicicleta-si-fost-calcat-de-autoutilitara","status":"publish","type":"post","link":"https:\/\/www.giurgiuveanul.ro\/stiri\/dramatic-comisarul-sef-teodor-palici-plecat-la-plimbare-cu-bicicleta-si-fost-calcat-de-autoutilitara\/","title":{"rendered":"Dramatic. Comisarul \u015fef Tudorel P\u0103lici a plecat la plimbare cu bicicleta \u015fi a fost c\u0103lcat de o autoutilitar\u0103"},"content":{"rendered":"<p style=\"text-align: justify;\"><a href=\"https:\/\/www.giurgiuveanul.ro\/stiri\/wp-content\/uploads\/2015\/04\/11173360_862572983832641_6241849243662793613_n.jpg\"><img loading=\"lazy\" decoding=\"async\" class=\"aligncenter size-large wp-image-20902\" src=\"https:\/\/www.giurgiuveanul.ro\/stiri\/wp-content\/uploads\/2015\/04\/11173360_862572983832641_6241849243662793613_n-384x450.jpg\" alt=\"11173360_862572983832641_6241849243662793613_n\" width=\"384\" height=\"450\" srcset=\"https:\/\/www.giurgiuveanul.ro\/stiri\/wp-content\/uploads\/2015\/04\/11173360_862572983832641_6241849243662793613_n-384x450.jpg 384w, https:\/\/www.giurgiuveanul.ro\/stiri\/wp-content\/uploads\/2015\/04\/11173360_862572983832641_6241849243662793613_n-250x293.jpg 250w, https:\/\/www.giurgiuveanul.ro\/stiri\/wp-content\/uploads\/2015\/04\/11173360_862572983832641_6241849243662793613_n-400x469.jpg 400w, https:\/\/www.giurgiuveanul.ro\/stiri\/wp-content\/uploads\/2015\/04\/11173360_862572983832641_6241849243662793613_n.jpg 819w\" sizes=\"auto, (max-width: 384px) 100vw, 384px\" \/><\/a>Comisarul \u015fef Tudorel P\u0103lici, din cadrul Penitenciarului Giurgiu, \u015fi-a pierdut via\u0163a ieri, \u00eentr-un accident de circula\u0163ie pe DN 5 Giurgiu-Bucure\u015fti, la ie\u015firea din Daia. Giurgiuveanul se plimba cu bicicleta, profit\u00e2nd de vremea frumoas\u0103, iar, la un moment dat, a vrut s\u0103 <!--more-->schimbe sensul de mers, \u00eens\u0103 f\u0103r\u0103 s\u0103 se asigure. El a fost izbit violent de o autoutilitar\u0103 IVECO care tracta o semiremorc\u0103, condus\u0103 de un bulgar de\u00a0 56 de ani. \u00cen urma impactului, angajatul Penitenciarului Giurgiu, \u00een v\u00e2rst\u0103 de 47 de ani, \u015fi-a pierdut via\u0163a.<\/p>\n<p style=\"text-align: justify;\">Accidentul rutier a avut loc \u00een jurul orei 15. Pe numele \u015foferului bulgar a fost \u00eentocmit dosar penal pentru ucidere din culp\u0103.<\/p>\n<p style=\"text-align: justify;\">\u00centr-un comunicat de pres\u0103, Penitenciarul Giurgiu arat\u0103 urm\u0103toarele: \u201e<em>&#8230; domnul comisar sef de penitenciare PALICI TUDOREL, in varsta de 47 de ani, cu o cariera in sistemul de aparare, ordine publica si siguranta nationala de peste 23 de ani, tatal unui copil de 12 ani. Indeplinea functia de sef de sectie la Penitenciarul Giurgiu, urmand a se pensiona in luna mai. Trupul neinsufletit va fi depus astazi la capela Bisericii Inaltarea Domnului &#8211; Eroilor. Personalul Penitenciarului Giurgiu transmite familiei indurerate sincere condoleante. Dumnezeu sa-l odihneasca in pace!&#8221;<\/em><\/p>\n","protected":false},"excerpt":{"rendered":"<p>Comisarul \u015fef Tudorel P\u0103lici, din cadrul Penitenciarului Giurgiu, \u015fi-a pierdut via\u0163a ieri, \u00eentr-un accident de circula\u0163ie pe DN 5 Giurgiu-Bucure\u015fti, la ie\u015firea din Daia. Giurgiuveanul se plimba cu bicicleta, profit\u00e2nd de vremea frumoas\u0103, iar, la un moment dat, a vrut s\u0103<\/p>\n","protected":false},"author":2,"featured_media":0,"comment_status":"open","ping_status":"open","sticky":false,"template":"","format":"standard","meta":{"footnotes":""},"categories":[18],"tags":[],"class_list":["post-20901","post","type-post","status-publish","format-standard","hentry","category-tragedie"],"_links":{"self":[{"href":"https:\/\/www.giurgiuveanul.ro\/stiri\/wp-json\/wp\/v2\/posts\/20901","targetHints":{"allow":["GET"]}}],"collection":[{"href":"https:\/\/www.giurgiuveanul.ro\/stiri\/wp-json\/wp\/v2\/posts"}],"about":[{"href":"https:\/\/www.giurgiuveanul.ro\/stiri\/wp-json\/wp\/v2\/types\/post"}],"author":[{"embeddable":true,"href":"https:\/\/www.giurgiuveanul.ro\/stiri\/wp-json\/wp\/v2\/users\/2"}],"replies":[{"embeddable":true,"href":"https:\/\/www.giurgiuveanul.ro\/stiri\/wp-json\/wp\/v2\/comments?post=20901"}],"version-history":[{"count":0,"href":"https:\/\/www.giurgiuveanul.ro\/stiri\/wp-json\/wp\/v2\/posts\/20901\/revisions"}],"wp:attachment":[{"href":"https:\/\/www.giurgiuveanul.ro\/stiri\/wp-json\/wp\/v2\/media?parent=20901"}],"wp:term":[{"taxonomy":"category","embeddable":true,"href":"https:\/\/www.giurgiuveanul.ro\/stiri\/wp-json\/wp\/v2\/categories?post=20901"},{"taxonomy":"post_tag","embeddable":true,"href":"https:\/\/www.giurgiuveanul.ro\/stiri\/wp-json\/wp\/v2\/tags?post=20901"}],"curies":[{"name":"wp","href":"https:\/\/api.w.org\/{rel}","templated":true}]}}