{"id":26499,"date":"2016-01-01T09:20:44","date_gmt":"2016-01-01T07:20:44","guid":{"rendered":"https:\/\/www.giurgiuveanul.ro\/stiri\/?p=26499"},"modified":"2016-01-01T09:35:55","modified_gmt":"2016-01-01T07:35:55","slug":"colinde-si-urari-de-anul-nou-de-la-primarul-din-singureni-marian-patuleanu","status":"publish","type":"post","link":"https:\/\/www.giurgiuveanul.ro\/stiri\/colinde-si-urari-de-anul-nou-de-la-primarul-din-singureni-marian-patuleanu\/","title":{"rendered":"Colinde \u015fi ur\u0103ri de Anul Nou&#8230; de la primarul din Singureni, Marian P\u0103tuleanu"},"content":{"rendered":"<p style=\"text-align: justify;\"><strong><a href=\"https:\/\/www.giurgiuveanul.ro\/stiri\/wp-content\/uploads\/2016\/01\/12442902_428738037326234_379250205_n.jpg\"><img loading=\"lazy\" decoding=\"async\" class=\"aligncenter size-large wp-image-26500\" src=\"https:\/\/www.giurgiuveanul.ro\/stiri\/wp-content\/uploads\/2016\/01\/12442902_428738037326234_379250205_n-544x450.jpg\" alt=\"12442902_428738037326234_379250205_n\" width=\"544\" height=\"450\" srcset=\"https:\/\/www.giurgiuveanul.ro\/stiri\/wp-content\/uploads\/2016\/01\/12442902_428738037326234_379250205_n-544x450.jpg 544w, https:\/\/www.giurgiuveanul.ro\/stiri\/wp-content\/uploads\/2016\/01\/12442902_428738037326234_379250205_n-250x207.jpg 250w, https:\/\/www.giurgiuveanul.ro\/stiri\/wp-content\/uploads\/2016\/01\/12442902_428738037326234_379250205_n-400x331.jpg 400w, https:\/\/www.giurgiuveanul.ro\/stiri\/wp-content\/uploads\/2016\/01\/12442902_428738037326234_379250205_n.jpg 960w\" sizes=\"auto, (max-width: 544px) 100vw, 544px\" \/><\/a>Curtea primarului de Singureni, Marian P\u0103tuleanu, a <!--more-->r\u0103sunat asear\u0103, 31 decembrie 2015, \u00een Ajunul Noului An, de glasurile copiilor \u015fi tinerilor din comun\u0103, care au \u00eenc\u00e2ntat cu colinde \u015fi care le-au f\u0103cut ur\u0103ri edilului \u015fi familiei sale. Glasurile copiilor au r\u0103sunat puternic \u0219i au st\u00e2rnit emo\u021bii \u0219i bucurie. Este un obicei pe care primarul \u00eel \u0163ine cu sfin\u0163enie.<\/strong><\/p>\n<p style=\"text-align: justify;\"><a href=\"https:\/\/www.giurgiuveanul.ro\/stiri\/wp-content\/uploads\/2016\/01\/12463533_428737980659573_1469332990_n.jpg\"><img loading=\"lazy\" decoding=\"async\" class=\"aligncenter size-large wp-image-26501\" src=\"https:\/\/www.giurgiuveanul.ro\/stiri\/wp-content\/uploads\/2016\/01\/12463533_428737980659573_1469332990_n-560x392.jpg\" alt=\"12463533_428737980659573_1469332990_n\" width=\"560\" height=\"392\" srcset=\"https:\/\/www.giurgiuveanul.ro\/stiri\/wp-content\/uploads\/2016\/01\/12463533_428737980659573_1469332990_n-560x392.jpg 560w, https:\/\/www.giurgiuveanul.ro\/stiri\/wp-content\/uploads\/2016\/01\/12463533_428737980659573_1469332990_n-250x175.jpg 250w, https:\/\/www.giurgiuveanul.ro\/stiri\/wp-content\/uploads\/2016\/01\/12463533_428737980659573_1469332990_n-400x280.jpg 400w, https:\/\/www.giurgiuveanul.ro\/stiri\/wp-content\/uploads\/2016\/01\/12463533_428737980659573_1469332990_n.jpg 960w\" sizes=\"auto, (max-width: 560px) 100vw, 560px\" \/><\/a><\/p>\n<p style=\"text-align: justify;\">Marian P\u0103tuleanu a fost o gazd\u0103 primitoare \u015fi, \u00een ciuda temperaturii sc\u0103zute de afar\u0103, a reu\u015fit s\u0103 organizeze de fiecare dat\u0103, cu fiecare ceat\u0103 de colind\u0103tori, un moment special.<\/p>\n<p style=\"text-align: justify;\">Cu to\u0163ii au fost extrem de bucuro\u015fi de \u00eent\u00e2lnirea cu primarul Marian P\u0103tuleanu, dar \u015fi de darurile cu care au fost r\u0103spl\u0103ti\u0163i.<\/p>\n<p style=\"text-align: justify;\">Copiii au fost \u00eenc\u00e2nta\u021bi s\u0103-l cunoasc\u0103 personal pe edilul \u015fef, s\u0103 dea m\u00e2na cu acesta, unii i-au oferit felicit\u0103ri, ur\u0103ri de bine \u0219i s\u0103n\u0103tate.<\/p>\n<p style=\"text-align: justify;\">Edilul \u015fef a mul\u0163umit tuturor colind\u0103torilor, le-a urat s\u0103rb\u0103tori frumoase \u015fi un An Nou fericit.<\/p>\n<p style=\"text-align: justify;\"><em>\u201cV\u0103 doresc s\u0103 ave\u021bi un An Nou mai frumos, lini\u0219tit, \u00eenconjura\u021bi de cei dragi! S\u0103 petrece\u021bi clipe fericite al\u0103turi de familie, s\u0103 \u00eemp\u0103r\u021bi\u021bi momente speciale \u0219i s\u0103 pre\u021bui\u021bi fiecare secund\u0103 a vie\u021bii!\u201d,<\/em> le-a spus primarul P\u0103tuleanu.<\/p>\n<p style=\"text-align: justify;\">De asemenea, primarul de Singureni a adresat, prin intermediul cotidianului Giurgiuveanul, un mesaj locuitorilor comunei, dar \u015fi tuturor giurgiuvenilor, pe care \u00eel pute\u0163i urm\u0103ri AICI<\/p>\n<p><iframe loading=\"lazy\" src=\"https:\/\/www.youtube.com\/embed\/WZI6SSK0R-U\" width=\"560\" height=\"315\" frameborder=\"0\" allowfullscreen=\"allowfullscreen\"><\/iframe><\/p>\n","protected":false},"excerpt":{"rendered":"<p>Curtea primarului de Singureni, Marian P\u0103tuleanu, a<\/p>\n","protected":false},"author":2,"featured_media":0,"comment_status":"open","ping_status":"open","sticky":false,"template":"","format":"standard","meta":{"footnotes":""},"categories":[10],"tags":[],"class_list":["post-26499","post","type-post","status-publish","format-standard","hentry","category-la-multi-ani"],"_links":{"self":[{"href":"https:\/\/www.giurgiuveanul.ro\/stiri\/wp-json\/wp\/v2\/posts\/26499","targetHints":{"allow":["GET"]}}],"collection":[{"href":"https:\/\/www.giurgiuveanul.ro\/stiri\/wp-json\/wp\/v2\/posts"}],"about":[{"href":"https:\/\/www.giurgiuveanul.ro\/stiri\/wp-json\/wp\/v2\/types\/post"}],"author":[{"embeddable":true,"href":"https:\/\/www.giurgiuveanul.ro\/stiri\/wp-json\/wp\/v2\/users\/2"}],"replies":[{"embeddable":true,"href":"https:\/\/www.giurgiuveanul.ro\/stiri\/wp-json\/wp\/v2\/comments?post=26499"}],"version-history":[{"count":0,"href":"https:\/\/www.giurgiuveanul.ro\/stiri\/wp-json\/wp\/v2\/posts\/26499\/revisions"}],"wp:attachment":[{"href":"https:\/\/www.giurgiuveanul.ro\/stiri\/wp-json\/wp\/v2\/media?parent=26499"}],"wp:term":[{"taxonomy":"category","embeddable":true,"href":"https:\/\/www.giurgiuveanul.ro\/stiri\/wp-json\/wp\/v2\/categories?post=26499"},{"taxonomy":"post_tag","embeddable":true,"href":"https:\/\/www.giurgiuveanul.ro\/stiri\/wp-json\/wp\/v2\/tags?post=26499"}],"curies":[{"name":"wp","href":"https:\/\/api.w.org\/{rel}","templated":true}]}}