{"id":27259,"date":"2016-02-04T15:04:39","date_gmt":"2016-02-04T13:04:39","guid":{"rendered":"https:\/\/www.giurgiuveanul.ro\/stiri\/?p=27259"},"modified":"2016-02-04T15:11:26","modified_gmt":"2016-02-04T13:11:26","slug":"politia-rutiera-facut-ordine-in-zona-cafenelelor-din-centru","status":"publish","type":"post","link":"https:\/\/www.giurgiuveanul.ro\/stiri\/politia-rutiera-facut-ordine-in-zona-cafenelelor-din-centru\/","title":{"rendered":"Poli\u0163ia Rutier\u0103 a f\u0103cut ordine \u00een zona cafenelelor din centru"},"content":{"rendered":"<p style=\"text-align: justify;\"><a href=\"https:\/\/www.giurgiuveanul.ro\/stiri\/wp-content\/uploads\/2016\/02\/IMG_7554.jpg\"><img loading=\"lazy\" decoding=\"async\" class=\"aligncenter size-large wp-image-27260\" src=\"https:\/\/www.giurgiuveanul.ro\/stiri\/wp-content\/uploads\/2016\/02\/IMG_7554-560x345.jpg\" alt=\"IMG_7554\" width=\"560\" height=\"345\" srcset=\"https:\/\/www.giurgiuveanul.ro\/stiri\/wp-content\/uploads\/2016\/02\/IMG_7554-560x345.jpg 560w, https:\/\/www.giurgiuveanul.ro\/stiri\/wp-content\/uploads\/2016\/02\/IMG_7554-250x154.jpg 250w, https:\/\/www.giurgiuveanul.ro\/stiri\/wp-content\/uploads\/2016\/02\/IMG_7554-400x247.jpg 400w, https:\/\/www.giurgiuveanul.ro\/stiri\/wp-content\/uploads\/2016\/02\/IMG_7554.jpg 800w\" sizes=\"auto, (max-width: 560px) 100vw, 560px\" \/><\/a>Locul \u00een care<!--more--> sunt concentrate cele mai multe cafenele din Giurgiu a fost \u201ecur\u0103\u0163at\u201d de ma\u015fini. Nimeni nu mai parcheaz\u0103 pe partea carosabil\u0103 sau pe trotuar, a\u015fa cum se \u00eent\u00e2mpla p\u00e2n\u0103 acum.<\/p>\n<p style=\"text-align: justify;\"><a href=\"https:\/\/www.giurgiuveanul.ro\/stiri\/wp-content\/uploads\/2016\/02\/IMG_7555.jpg\"><img loading=\"lazy\" decoding=\"async\" class=\"aligncenter size-large wp-image-27261\" src=\"https:\/\/www.giurgiuveanul.ro\/stiri\/wp-content\/uploads\/2016\/02\/IMG_7555-560x307.jpg\" alt=\"IMG_7555\" width=\"560\" height=\"307\" srcset=\"https:\/\/www.giurgiuveanul.ro\/stiri\/wp-content\/uploads\/2016\/02\/IMG_7555-560x307.jpg 560w, https:\/\/www.giurgiuveanul.ro\/stiri\/wp-content\/uploads\/2016\/02\/IMG_7555-250x137.jpg 250w, https:\/\/www.giurgiuveanul.ro\/stiri\/wp-content\/uploads\/2016\/02\/IMG_7555-400x220.jpg 400w, https:\/\/www.giurgiuveanul.ro\/stiri\/wp-content\/uploads\/2016\/02\/IMG_7555.jpg 800w\" sizes=\"auto, (max-width: 560px) 100vw, 560px\" \/><\/a><\/p>\n<p style=\"text-align: justify;\">Zona devenise un fel de rai pentru \u015foferii care parcau dup\u0103 bunul plac. Cet\u0103\u0163enii din zon\u0103 salut\u0103 faptul c\u0103 oamenii legii s-au implicat \u015fi nu mai permit sta\u0163ion\u0103rile ilegale \u00een plin centrul ora\u015fului.<\/p>\n<p style=\"text-align: justify;\"><a href=\"https:\/\/www.giurgiuveanul.ro\/stiri\/wp-content\/uploads\/2016\/02\/IMG_7574.jpg\"><img loading=\"lazy\" decoding=\"async\" class=\"aligncenter size-large wp-image-27263\" src=\"https:\/\/www.giurgiuveanul.ro\/stiri\/wp-content\/uploads\/2016\/02\/IMG_7574-560x321.jpg\" alt=\"IMG_7574\" width=\"560\" height=\"321\" srcset=\"https:\/\/www.giurgiuveanul.ro\/stiri\/wp-content\/uploads\/2016\/02\/IMG_7574-560x321.jpg 560w, https:\/\/www.giurgiuveanul.ro\/stiri\/wp-content\/uploads\/2016\/02\/IMG_7574-250x143.jpg 250w, https:\/\/www.giurgiuveanul.ro\/stiri\/wp-content\/uploads\/2016\/02\/IMG_7574-400x230.jpg 400w, https:\/\/www.giurgiuveanul.ro\/stiri\/wp-content\/uploads\/2016\/02\/IMG_7574.jpg 800w\" sizes=\"auto, (max-width: 560px) 100vw, 560px\" \/><\/a><\/p>\n","protected":false},"excerpt":{"rendered":"<p>Locul \u00een care<\/p>\n","protected":false},"author":2,"featured_media":0,"comment_status":"open","ping_status":"open","sticky":false,"template":"","format":"standard","meta":{"footnotes":""},"categories":[8],"tags":[],"class_list":["post-27259","post","type-post","status-publish","format-standard","hentry","category-alert-news"],"_links":{"self":[{"href":"https:\/\/www.giurgiuveanul.ro\/stiri\/wp-json\/wp\/v2\/posts\/27259","targetHints":{"allow":["GET"]}}],"collection":[{"href":"https:\/\/www.giurgiuveanul.ro\/stiri\/wp-json\/wp\/v2\/posts"}],"about":[{"href":"https:\/\/www.giurgiuveanul.ro\/stiri\/wp-json\/wp\/v2\/types\/post"}],"author":[{"embeddable":true,"href":"https:\/\/www.giurgiuveanul.ro\/stiri\/wp-json\/wp\/v2\/users\/2"}],"replies":[{"embeddable":true,"href":"https:\/\/www.giurgiuveanul.ro\/stiri\/wp-json\/wp\/v2\/comments?post=27259"}],"version-history":[{"count":0,"href":"https:\/\/www.giurgiuveanul.ro\/stiri\/wp-json\/wp\/v2\/posts\/27259\/revisions"}],"wp:attachment":[{"href":"https:\/\/www.giurgiuveanul.ro\/stiri\/wp-json\/wp\/v2\/media?parent=27259"}],"wp:term":[{"taxonomy":"category","embeddable":true,"href":"https:\/\/www.giurgiuveanul.ro\/stiri\/wp-json\/wp\/v2\/categories?post=27259"},{"taxonomy":"post_tag","embeddable":true,"href":"https:\/\/www.giurgiuveanul.ro\/stiri\/wp-json\/wp\/v2\/tags?post=27259"}],"curies":[{"name":"wp","href":"https:\/\/api.w.org\/{rel}","templated":true}]}}