{"id":27716,"date":"2016-02-26T17:48:46","date_gmt":"2016-02-26T15:48:46","guid":{"rendered":"https:\/\/www.giurgiuveanul.ro\/stiri\/?p=27716"},"modified":"2016-02-26T17:56:30","modified_gmt":"2016-02-26T15:56:30","slug":"comisarul-sef-marian-popescu-revenit-in-fruntea-politiei-rutiere-giurgiu-prima-declaratie-de-presa","status":"publish","type":"post","link":"https:\/\/www.giurgiuveanul.ro\/stiri\/comisarul-sef-marian-popescu-revenit-in-fruntea-politiei-rutiere-giurgiu-prima-declaratie-de-presa\/","title":{"rendered":"Comisarul \u015fef Marian Popescu a revenit \u00een fruntea Poli\u0163iei Rutiere Giurgiu! Prima declara\u0163ie&#8230; de pres\u0103"},"content":{"rendered":"<p style=\"text-align: justify;\"><strong><a href=\"https:\/\/www.giurgiuveanul.ro\/stiri\/wp-content\/uploads\/2016\/02\/Marian-Popescu-Politia-Rutiera-Giurgiu.jpg\"><img loading=\"lazy\" decoding=\"async\" class=\"aligncenter size-large wp-image-27717\" src=\"https:\/\/www.giurgiuveanul.ro\/stiri\/wp-content\/uploads\/2016\/02\/Marian-Popescu-Politia-Rutiera-Giurgiu-560x444.jpg\" alt=\"Marian Popescu Politia Rutiera Giurgiu\" width=\"560\" height=\"444\" srcset=\"https:\/\/www.giurgiuveanul.ro\/stiri\/wp-content\/uploads\/2016\/02\/Marian-Popescu-Politia-Rutiera-Giurgiu-560x444.jpg 560w, https:\/\/www.giurgiuveanul.ro\/stiri\/wp-content\/uploads\/2016\/02\/Marian-Popescu-Politia-Rutiera-Giurgiu-250x198.jpg 250w, https:\/\/www.giurgiuveanul.ro\/stiri\/wp-content\/uploads\/2016\/02\/Marian-Popescu-Politia-Rutiera-Giurgiu-400x317.jpg 400w, https:\/\/www.giurgiuveanul.ro\/stiri\/wp-content\/uploads\/2016\/02\/Marian-Popescu-Politia-Rutiera-Giurgiu.jpg 800w\" sizes=\"auto, (max-width: 560px) 100vw, 560px\" \/><\/a>Unii l-au vrut la pensie, al\u0163ii scos din sistem sau ar fi vrut s\u0103 i se \u00eent\u00e2mple lucruri \u015fi mai rele&#8230; \u00eens\u0103 instan\u0163a a stabilit c\u0103 <!--more-->nu se face vinovat de nimic \u015fi a fost achitat \u015fi repus \u00een func\u0163ie \u015fi drepturi!<\/strong><\/p>\n<p style=\"text-align: justify;\">Fostul (\u015fi actualul!) \u015fef al Serviciului Poli\u0163iei Rutiere Giurgiu, comisar \u015fef Marian Popescu, a c\u00e2\u015ftigat \u00een instan\u0163\u0103 procesul \u00een care a fost implicat. Magistra\u0163ii au decis \u00een favoarea sa, achit\u00e2ndu-l \u015fi au cerut conducerii Inspectoratului de Poli\u0163ie al Jude\u0163ului Giurgiu s\u0103 \u00eel repun\u0103 \u00een func\u0163ie, cu \u00eencepere chiar din ziua \u00een care a fost pus la dispozi\u0163ie (suspendat), respectiv din aprilie 2014.<\/p>\n<p style=\"text-align: justify;\">Timp de 22 de luni, comisarul \u015fef Marian Popescu \u015fi-a c\u0103utat dreptatea \u00een instan\u0163\u0103 \u015fi iat\u0103 c\u0103 a fost achitat.<\/p>\n<p style=\"text-align: justify;\">\u00centr-o discu\u0163ie cu reporterii no\u015ftri, comisarul \u015fef Marian Popescu a declarat c\u0103 a considerat aceast\u0103 perioad\u0103 ca o \u201epunte a vie\u0163ii\u201d.<\/p>\n<p style=\"text-align: justify;\"><em>\u201eMul\u0163umesc lui Dumnezeu, familiei \u015fi prietenilor mei c\u0103 au stat al\u0103turi de mine \u015fi m-au ajutat s\u0103 trec peste aceast\u0103 cump\u0103n\u0103&#8230;\u201d<\/em>, a precizat comiarul \u015fef Marian Popescu.<\/p>\n<p style=\"text-align: justify;\">\u00centrebat dac\u0103 va reac\u0163iona \u00eentr-un fel sau altul \u00eempotriva celor care l-au &#8222;purtat&#8221; prin s\u0103lile de judecat\u0103 timp de aproape doi ani, \u015feful Poli\u0163iei Rutiere a spus: <em>\u201eSunt nepot de preot&#8230; las totul \u00een m\u00e2na lui Dumnezeu&#8230; El pl\u0103te\u015fte fiec\u0103ruia&#8230; dup\u0103 judecata Sa dreapt\u0103!\u201d<\/em><\/p>\n","protected":false},"excerpt":{"rendered":"<p>Unii l-au vrut la pensie, al\u0163ii scos din sistem sau ar fi vrut s\u0103 i se \u00eent\u00e2mple lucruri \u015fi mai rele&#8230; \u00eens\u0103 instan\u0163a a stabilit c\u0103<\/p>\n","protected":false},"author":2,"featured_media":0,"comment_status":"open","ping_status":"open","sticky":false,"template":"","format":"standard","meta":{"footnotes":""},"categories":[3],"tags":[],"class_list":["post-27716","post","type-post","status-publish","format-standard","hentry","category-exclusiv"],"_links":{"self":[{"href":"https:\/\/www.giurgiuveanul.ro\/stiri\/wp-json\/wp\/v2\/posts\/27716","targetHints":{"allow":["GET"]}}],"collection":[{"href":"https:\/\/www.giurgiuveanul.ro\/stiri\/wp-json\/wp\/v2\/posts"}],"about":[{"href":"https:\/\/www.giurgiuveanul.ro\/stiri\/wp-json\/wp\/v2\/types\/post"}],"author":[{"embeddable":true,"href":"https:\/\/www.giurgiuveanul.ro\/stiri\/wp-json\/wp\/v2\/users\/2"}],"replies":[{"embeddable":true,"href":"https:\/\/www.giurgiuveanul.ro\/stiri\/wp-json\/wp\/v2\/comments?post=27716"}],"version-history":[{"count":0,"href":"https:\/\/www.giurgiuveanul.ro\/stiri\/wp-json\/wp\/v2\/posts\/27716\/revisions"}],"wp:attachment":[{"href":"https:\/\/www.giurgiuveanul.ro\/stiri\/wp-json\/wp\/v2\/media?parent=27716"}],"wp:term":[{"taxonomy":"category","embeddable":true,"href":"https:\/\/www.giurgiuveanul.ro\/stiri\/wp-json\/wp\/v2\/categories?post=27716"},{"taxonomy":"post_tag","embeddable":true,"href":"https:\/\/www.giurgiuveanul.ro\/stiri\/wp-json\/wp\/v2\/tags?post=27716"}],"curies":[{"name":"wp","href":"https:\/\/api.w.org\/{rel}","templated":true}]}}