{"id":27797,"date":"2016-03-01T15:16:08","date_gmt":"2016-03-01T13:16:08","guid":{"rendered":"https:\/\/www.giurgiuveanul.ro\/stiri\/?p=27797"},"modified":"2016-03-01T15:16:09","modified_gmt":"2016-03-01T13:16:09","slug":"femeile-din-trafic-trase-pe-dreapta-si-amendate-cu-flori-de-politistii-din-giurgiu","status":"publish","type":"post","link":"https:\/\/www.giurgiuveanul.ro\/stiri\/femeile-din-trafic-trase-pe-dreapta-si-amendate-cu-flori-de-politistii-din-giurgiu\/","title":{"rendered":"Femeile din trafic, trase pe dreapta \u015fi &#8222;amendate&#8221; cu flori de poli\u0163i\u015ftii din Giurgiu"},"content":{"rendered":"<p style=\"text-align: justify;\"><a href=\"https:\/\/www.giurgiuveanul.ro\/stiri\/wp-content\/uploads\/2016\/03\/v1.jpg\"><img loading=\"lazy\" decoding=\"async\" class=\"aligncenter size-full wp-image-27798\" src=\"https:\/\/www.giurgiuveanul.ro\/stiri\/wp-content\/uploads\/2016\/03\/v1.jpg\" alt=\"v1\" width=\"478\" height=\"414\" srcset=\"https:\/\/www.giurgiuveanul.ro\/stiri\/wp-content\/uploads\/2016\/03\/v1.jpg 478w, https:\/\/www.giurgiuveanul.ro\/stiri\/wp-content\/uploads\/2016\/03\/v1-250x217.jpg 250w, https:\/\/www.giurgiuveanul.ro\/stiri\/wp-content\/uploads\/2016\/03\/v1-400x346.jpg 400w\" sizes=\"auto, (max-width: 478px) 100vw, 478px\" \/><\/a>An de an, ziua de 1 Martie<!--more--> readuce \u00een sufletul oamenilor, speran\u0163a, optimismul \u015fi credin\u0163a \u00een mai bine.\u00a0Triumful re\u00eenvierii \u015fi regener\u0103rii naturii nu putea fi invocat dec\u00e2t prin ging\u0103\u015fia \u015fi candoarea florilor oferite de M\u0103r\u0163i\u015for.<\/p>\n<p style=\"text-align: justify;\"><a href=\"https:\/\/www.giurgiuveanul.ro\/stiri\/wp-content\/uploads\/2016\/03\/v2.jpg\"><img loading=\"lazy\" decoding=\"async\" class=\"aligncenter size-large wp-image-27799\" src=\"https:\/\/www.giurgiuveanul.ro\/stiri\/wp-content\/uploads\/2016\/03\/v2-560x344.jpg\" alt=\"v2\" width=\"560\" height=\"344\" srcset=\"https:\/\/www.giurgiuveanul.ro\/stiri\/wp-content\/uploads\/2016\/03\/v2-560x344.jpg 560w, https:\/\/www.giurgiuveanul.ro\/stiri\/wp-content\/uploads\/2016\/03\/v2-250x153.jpg 250w, https:\/\/www.giurgiuveanul.ro\/stiri\/wp-content\/uploads\/2016\/03\/v2-400x246.jpg 400w, https:\/\/www.giurgiuveanul.ro\/stiri\/wp-content\/uploads\/2016\/03\/v2.jpg 2048w\" sizes=\"auto, (max-width: 560px) 100vw, 560px\" \/><\/a><\/p>\n<p style=\"text-align: justify;\">\u00cen fiecare an, poli\u0163i\u015ftii giurgiuveni de la Serviciul Rutier \u0219i Serviciul Transporturi au oferit flori, felicit\u0103ri \u015fi m\u0103r\u0163i\u015foare, doamnelor \u015fi domni\u015foarelor.<\/p>\n<p style=\"text-align: justify;\">La semnalul poli\u0163i\u015ftilor de la rutier\u0103, prima reac\u0163ie a conduc\u0103toarelor auto a fost s\u0103 prezinte documentele, \u00eens\u0103 poli\u0163i\u015ftii au reu\u015fit s\u0103 le fac\u0103 s\u0103 sur\u00e2d\u0103 \u00een momentul \u00een care le-au spus: <em>\u201eV-am oprit pentru a v\u0103 d\u0103rui flori \u015fi felicit\u0103ri cu prilejul zilei de 1 Martie, \u015fi s\u0103 v\u0103 ur\u0103m \u201eDrum bun, f\u0103r\u0103 evenimente rutiere!\u201d.<\/em><\/p>\n<p style=\"text-align: justify;\"><a href=\"https:\/\/www.giurgiuveanul.ro\/stiri\/wp-content\/uploads\/2016\/03\/V3.jpg\"><img loading=\"lazy\" decoding=\"async\" class=\"aligncenter size-large wp-image-27800\" src=\"https:\/\/www.giurgiuveanul.ro\/stiri\/wp-content\/uploads\/2016\/03\/V3-560x373.jpg\" alt=\"V3\" width=\"560\" height=\"373\" srcset=\"https:\/\/www.giurgiuveanul.ro\/stiri\/wp-content\/uploads\/2016\/03\/V3-560x373.jpg 560w, https:\/\/www.giurgiuveanul.ro\/stiri\/wp-content\/uploads\/2016\/03\/V3-250x167.jpg 250w, https:\/\/www.giurgiuveanul.ro\/stiri\/wp-content\/uploads\/2016\/03\/V3-400x267.jpg 400w, https:\/\/www.giurgiuveanul.ro\/stiri\/wp-content\/uploads\/2016\/03\/V3.jpg 2048w\" sizes=\"auto, (max-width: 560px) 100vw, 560px\" \/><\/a><\/p>\n<p style=\"text-align: justify;\">Poli\u021bi\u0219tii de la transporturi au oferit flori doamnelor \u0219i domni\u0219oarelor aflate \u00een zona g\u0103rilor \u0219i autog\u0103rilor \u0219i le-au urat \u201eC\u0103l\u0103torie pl\u0103cut\u0103!\u201d<\/p>\n<p style=\"text-align: justify;\"><a href=\"https:\/\/www.giurgiuveanul.ro\/stiri\/wp-content\/uploads\/2016\/03\/v4.jpg\"><img loading=\"lazy\" decoding=\"async\" class=\"aligncenter size-large wp-image-27801\" src=\"https:\/\/www.giurgiuveanul.ro\/stiri\/wp-content\/uploads\/2016\/03\/v4-560x419.jpg\" alt=\"v4\" width=\"560\" height=\"419\" srcset=\"https:\/\/www.giurgiuveanul.ro\/stiri\/wp-content\/uploads\/2016\/03\/v4-560x419.jpg 560w, https:\/\/www.giurgiuveanul.ro\/stiri\/wp-content\/uploads\/2016\/03\/v4-250x187.jpg 250w, https:\/\/www.giurgiuveanul.ro\/stiri\/wp-content\/uploads\/2016\/03\/v4-400x300.jpg 400w, https:\/\/www.giurgiuveanul.ro\/stiri\/wp-content\/uploads\/2016\/03\/v4.jpg 960w\" sizes=\"auto, (max-width: 560px) 100vw, 560px\" \/><\/a><\/p>\n<p style=\"text-align: justify;\">Gestul poli\u0163i\u015ftilor le-a surprins pl\u0103cut pe doamnele \u015fi domni\u015foarele care au manifestat apreciere \u015fi simpatie fa\u0163\u0103 de\u00a0 atitudinea prietenoas\u0103 a oamenilor legii.\u00a0\u00a0\u00a0 \u00cen prag de prim\u0103var\u0103.<\/p>\n<p style=\"text-align: justify;\">Echipa managerial\u0103 ureaz\u0103 doamnelor \u015fi domni\u015foarelor din jude\u0163ul Giurgiu <em>\u201eO prim\u0103var\u0103 minunat\u0103 plin\u0103 de bucurii \u015fi realiz\u0103ri deosebite al\u0103turi de cei dragi!&#8221;<\/em><\/p>\n","protected":false},"excerpt":{"rendered":"<p>An de an, ziua de 1 Martie<\/p>\n","protected":false},"author":2,"featured_media":0,"comment_status":"open","ping_status":"open","sticky":false,"template":"","format":"standard","meta":{"footnotes":""},"categories":[8],"tags":[],"class_list":["post-27797","post","type-post","status-publish","format-standard","hentry","category-alert-news"],"_links":{"self":[{"href":"https:\/\/www.giurgiuveanul.ro\/stiri\/wp-json\/wp\/v2\/posts\/27797","targetHints":{"allow":["GET"]}}],"collection":[{"href":"https:\/\/www.giurgiuveanul.ro\/stiri\/wp-json\/wp\/v2\/posts"}],"about":[{"href":"https:\/\/www.giurgiuveanul.ro\/stiri\/wp-json\/wp\/v2\/types\/post"}],"author":[{"embeddable":true,"href":"https:\/\/www.giurgiuveanul.ro\/stiri\/wp-json\/wp\/v2\/users\/2"}],"replies":[{"embeddable":true,"href":"https:\/\/www.giurgiuveanul.ro\/stiri\/wp-json\/wp\/v2\/comments?post=27797"}],"version-history":[{"count":0,"href":"https:\/\/www.giurgiuveanul.ro\/stiri\/wp-json\/wp\/v2\/posts\/27797\/revisions"}],"wp:attachment":[{"href":"https:\/\/www.giurgiuveanul.ro\/stiri\/wp-json\/wp\/v2\/media?parent=27797"}],"wp:term":[{"taxonomy":"category","embeddable":true,"href":"https:\/\/www.giurgiuveanul.ro\/stiri\/wp-json\/wp\/v2\/categories?post=27797"},{"taxonomy":"post_tag","embeddable":true,"href":"https:\/\/www.giurgiuveanul.ro\/stiri\/wp-json\/wp\/v2\/tags?post=27797"}],"curies":[{"name":"wp","href":"https:\/\/api.w.org\/{rel}","templated":true}]}}