{"id":27850,"date":"2016-03-03T09:07:06","date_gmt":"2016-03-03T07:07:06","guid":{"rendered":"https:\/\/www.giurgiuveanul.ro\/stiri\/?p=27850"},"modified":"2016-03-03T09:10:54","modified_gmt":"2016-03-03T07:10:54","slug":"afurisita","status":"publish","type":"post","link":"https:\/\/www.giurgiuveanul.ro\/stiri\/afurisita\/","title":{"rendered":"Afurisita"},"content":{"rendered":"<p style=\"text-align: justify;\"><a href=\"https:\/\/www.giurgiuveanul.ro\/stiri\/wp-content\/uploads\/2016\/03\/linie-ferata.jpg\"><img loading=\"lazy\" decoding=\"async\" class=\"aligncenter size-full wp-image-27851\" src=\"https:\/\/www.giurgiuveanul.ro\/stiri\/wp-content\/uploads\/2016\/03\/linie-ferata.jpg\" alt=\"linie-ferata\" width=\"450\" height=\"274\" srcset=\"https:\/\/www.giurgiuveanul.ro\/stiri\/wp-content\/uploads\/2016\/03\/linie-ferata.jpg 450w, https:\/\/www.giurgiuveanul.ro\/stiri\/wp-content\/uploads\/2016\/03\/linie-ferata-250x152.jpg 250w, https:\/\/www.giurgiuveanul.ro\/stiri\/wp-content\/uploads\/2016\/03\/linie-ferata-400x244.jpg 400w\" sizes=\"auto, (max-width: 450px) 100vw, 450px\" \/><\/a>C\u00e2nd o auzeai pe b\u00e2ta Dobra zic\u00e2nd\u00a0<em>afurisitul, a ! D\u0103-l, o-ncolo!<\/em> trebuia s\u0103 \u015ftii c\u0103 ai \u00een aceste cuvinte condensat tot <!--more-->dispre\u0163ul\u00a0 ei, o evaluare corect\u0103, dar \u015fi o judecat\u0103 dreapt\u0103 asupra situa\u0163iei, \u00eent\u00e2mpl\u0103rii sau a persoanei despre care se discuta.<\/p>\n<p style=\"text-align: justify;\">Rareori \u00a0se \u00eent\u00e2mpla s\u0103 o auzi zic\u00e2nd astfel, semn c\u0103 merita s\u0103 te \u00eencrezi \u00een spusele ei. \u015ei le rostea cu at\u00e2ta\u00a0 gravitate , \u00eenc\u00e2t\u00a0 aveai impresia c\u0103 vezi un judec\u0103tor d\u00e2nd\u00a0 cu\u00a0 ciocanul \u00een mas\u0103 pentru a se face lini\u015fte c\u00e2t se cite\u015fte sentin\u0163a.<\/p>\n<p style=\"text-align: justify;\">Deun\u0103zi, nu-mi mai amintesc\u00a0 la ce post de televiziune am v\u0103zut, dar nici nu e important acest lucru pentru c\u0103 doamna despre care vreau s\u0103 zic ceva se plimb\u0103 la mai toate televiziunile, o doamn\u0103 profesoar\u0103, zic,\u00a0 \u015fi nu oricine, ci una cu doctorat, z\u00e2mbind cu acr\u0103 satisfac\u0163ie, roste\u015fte cu emfaz\u0103 :-Bravo lor! &#8230;.\u015fi a continuat cu laudele cu aer de autoritate \u00een materie\u00a0 pe un ton ce nu admitea replic\u0103!<\/p>\n<p style=\"text-align: justify;\">\u015ei asta dup\u0103\u00a0 ce o \u015fcol\u0103ri\u0163\u0103 , pozna\u015f\u0103 mai mult dec\u00e2t \u015ftrengar\u0103, spunea la telefon, c\u0103 elevii de acum nu pot merge la \u015fcoal\u0103 f\u0103r\u0103 telefon, cu telefon chiar mai inteligent dec\u00e2t elevul!, c\u0103 ea, eleva, dec\u00e2t s\u0103 piard\u0103 timpul \u00een sala de clas\u0103 \u00a0la \u015fcoal\u0103, mai bine \u00eenva\u0163\u0103 lec\u0163iile la o mas\u0103 \u00eentr-o cafenea povestite de colegii care au fost la ore! Dac\u0103\u00a0 n-ai fi \u015ftiut c\u0103 vorbe\u015fte o elev\u0103 de liceu, ai fi fost tentat s\u0103 crezi c\u0103 ascul\u0163i reluarea uneia \u00a0dintre emisiunile <em>Copiii spun lucruri tr\u0103znite<\/em><\/p>\n<p style=\"text-align: justify;\">Sup\u0103rat, dar f\u0103r\u0103 s\u0103 \u015ftiu dac\u0103 eram sup\u0103rat pe spusele profesoarei\u00a0 sau pe eleva care ar vrea ca ora de clas\u0103 s\u0103 se desf\u0103\u015foare la cafenea , sau dac\u0103 eram sup\u0103rat pe cei care vor s\u0103 introduc\u0103 ore de educa\u0163ie sexual\u0103 la copiii de gr\u0103dini\u0163\u0103, m-am trezit strig\u00e2nd&#8230; <em>afurisita!<\/em><\/p>\n<p style=\"text-align: justify;\">Dac\u0103 b\u00e2ta Dobra ar mai fi tr\u0103it, i-am fi ales una dintre zilele <em>babelor <\/em>din<em> fe-martie <\/em>\u015fi, \u00eempreun\u0103 , ne-am fi amuzat , altfel, vr\u0103jit de poezie, citez:<\/p>\n<p style=\"text-align: justify;\"><em>&#8222;<strong>Vezi, mam\u0103, ce m\u0103 doare! \u015fi pieptul mi se bate, \/ Mul\u0163imi de vine\u0163ele pe s\u00e2n mi se ivesc; \/ Un foc s-aprinde-n mine, r\u0103cori m\u0103 iau la spate, \/ \u00cemi ard buzele, mam\u0103, obrajii-mi se p\u0103lesc! \/\/\u2026Oar&#8217; ce s\u0103 fie asta? \u00centreab\u0103 pe bunica: \/\u00a0 O \u015fti vrun leac ea doar\u0103&#8230; o fi vrun zbur\u0103tor. \/ Ori aide l-alde baba Comana, ori Sorica, \/ Ori du-te la mo\u015f popa, ori mergi la vr\u0103jitor. \/\/ \u015ei unul s\u0103 se roage, c\u0103 poate m\u0103 dezleag\u0103;\u00a0 \/ M\u0103tu\u015file cu bobii fac multe \u015fi desfac; \/ \u015ei vr\u0103jitorul \u0103la \u015fi apele \u00eencheag\u0103; \/Alearg\u0103 la ei, mam\u0103, c\u0103 doar mi-or da de leac<\/strong>.<\/em><\/p>\n<p style=\"text-align: justify;\">Dac\u0103\u00a0 Legea instruc\u0163iunii publice, din noiembrie 1864, a lui Alexandru Ioan Cuza ar fi ap\u0103rut mai \u00eenainte, dac\u0103 Florica ar fi \u015ftiut c\u0103 <strong><em>Mo\u015fnegi, cete\u0163i ai c\u0103r\u0163ilor din stran\u0103, \/Din graiul t\u0103u culeg \u00eenv\u0103\u0163\u0103tura<\/em><\/strong>, cu siguran\u0163\u0103 c\u0103 ar fi trims-o pe mama sa pentru a c\u0103uta \u00eenv\u0103\u0163\u0103tur\u0103\u00a0 \u015fi la Domni\u015foara d\u0103sc\u0103li\u0163\u0103 a lui Octavian Goga.<\/p>\n<p style=\"text-align: justify;\">Cine este curios poate citi \u00een \u00eentregime balada lui Ion Heliade R\u0103dulescu, 1843, iar pentru cei care vor s\u0103 \u015ftie t\u00e2lcul celor scrise am scos eu din DLRM :\u00a0 AFURIS\u00cdT, -\u0102, <em>afurisi\u021bi, -te,<\/em> s. m. \u0219i f. adj. (Om) r\u0103u,tic\u0103los, blestemat \u2666 (Fam.) (Copil)\u015ftrengar, pozna\u015f \u2013 V. afurisi. adjectiv afurisit<\/p>\n<p style=\"text-align: justify;\">AFURIS\u00cdT, -\u0102, <em>afurisi\u021bi, -te,<\/em> adj. R\u0103u (la suflet),\u00a0 \u00eendr\u0103cit, tic\u0103los, blestemat.\u00a0 <em>Blestema cu foc \u0219i cu par\u0103 pe afurisita de ghicitoare.<\/em> ISPIRESCU,\u00a0 \u25ca F i g. <em>\u00centinde m\u00e2na ta cea dreapt\u0103 peste mijlocul meu, ca s\u0103 plesneasc\u0103 cercul ist afurisit.<\/em> CREANG\u0102<\/p>\n<p style=\"text-align: justify;\"><em>Prof.Gheorghe CALOT\u0102, Br\u0103ila<\/em><\/p>\n","protected":false},"excerpt":{"rendered":"<p>C\u00e2nd o auzeai pe b\u00e2ta Dobra zic\u00e2nd\u00a0afurisitul, a ! D\u0103-l, o-ncolo! trebuia s\u0103 \u015ftii c\u0103 ai \u00een aceste cuvinte condensat tot<\/p>\n","protected":false},"author":2,"featured_media":0,"comment_status":"open","ping_status":"open","sticky":false,"template":"","format":"standard","meta":{"footnotes":""},"categories":[21],"tags":[],"class_list":["post-27850","post","type-post","status-publish","format-standard","hentry","category-opinia-mea"],"_links":{"self":[{"href":"https:\/\/www.giurgiuveanul.ro\/stiri\/wp-json\/wp\/v2\/posts\/27850","targetHints":{"allow":["GET"]}}],"collection":[{"href":"https:\/\/www.giurgiuveanul.ro\/stiri\/wp-json\/wp\/v2\/posts"}],"about":[{"href":"https:\/\/www.giurgiuveanul.ro\/stiri\/wp-json\/wp\/v2\/types\/post"}],"author":[{"embeddable":true,"href":"https:\/\/www.giurgiuveanul.ro\/stiri\/wp-json\/wp\/v2\/users\/2"}],"replies":[{"embeddable":true,"href":"https:\/\/www.giurgiuveanul.ro\/stiri\/wp-json\/wp\/v2\/comments?post=27850"}],"version-history":[{"count":0,"href":"https:\/\/www.giurgiuveanul.ro\/stiri\/wp-json\/wp\/v2\/posts\/27850\/revisions"}],"wp:attachment":[{"href":"https:\/\/www.giurgiuveanul.ro\/stiri\/wp-json\/wp\/v2\/media?parent=27850"}],"wp:term":[{"taxonomy":"category","embeddable":true,"href":"https:\/\/www.giurgiuveanul.ro\/stiri\/wp-json\/wp\/v2\/categories?post=27850"},{"taxonomy":"post_tag","embeddable":true,"href":"https:\/\/www.giurgiuveanul.ro\/stiri\/wp-json\/wp\/v2\/tags?post=27850"}],"curies":[{"name":"wp","href":"https:\/\/api.w.org\/{rel}","templated":true}]}}