{"id":27886,"date":"2016-03-04T12:42:55","date_gmt":"2016-03-04T10:42:55","guid":{"rendered":"https:\/\/www.giurgiuveanul.ro\/stiri\/?p=27886"},"modified":"2016-03-04T12:42:55","modified_gmt":"2016-03-04T10:42:55","slug":"florian-nicolae-nu-se-justifica-cheltuielile-foarte-mari-de-ziua-orasului","status":"publish","type":"post","link":"https:\/\/www.giurgiuveanul.ro\/stiri\/florian-nicolae-nu-se-justifica-cheltuielile-foarte-mari-de-ziua-orasului\/","title":{"rendered":"Florian Nicolae: \u201eNu se justific\u0103 cheltuielile foarte mari de Ziua Ora\u015fului\u201d"},"content":{"rendered":"<p style=\"text-align: justify;\"><strong><a href=\"https:\/\/www.giurgiuveanul.ro\/stiri\/wp-content\/uploads\/2016\/03\/IMG_5384.jpg\"><img loading=\"lazy\" decoding=\"async\" class=\"aligncenter size-large wp-image-27887\" src=\"https:\/\/www.giurgiuveanul.ro\/stiri\/wp-content\/uploads\/2016\/03\/IMG_5384-462x450.jpg\" alt=\"IMG_5384\" width=\"462\" height=\"450\" srcset=\"https:\/\/www.giurgiuveanul.ro\/stiri\/wp-content\/uploads\/2016\/03\/IMG_5384-462x450.jpg 462w, https:\/\/www.giurgiuveanul.ro\/stiri\/wp-content\/uploads\/2016\/03\/IMG_5384-250x243.jpg 250w, https:\/\/www.giurgiuveanul.ro\/stiri\/wp-content\/uploads\/2016\/03\/IMG_5384-400x390.jpg 400w, https:\/\/www.giurgiuveanul.ro\/stiri\/wp-content\/uploads\/2016\/03\/IMG_5384.jpg 800w\" sizes=\"auto, (max-width: 462px) 100vw, 462px\" \/><\/a>Candidatul PNL Giurgiu la func\u0163ia de primar al municipiului, deputatul Florian Nicolae, este de p\u0103rere c\u0103 fondurile care vor fi alocate \u00een acest an din bugetul local pentru organizarea Zilelor Municipiului Giurgiu sunt foarte mari \u015fi c\u0103 banul public<!--more--> nu se cheltuie \u00een mod judicios, \u00een interesul cet\u0103\u0163enilor.<\/strong><\/p>\n<p style=\"text-align: justify;\"><em>\u201eV\u0103d c\u0103 printre proiectele ce urmeaz\u0103 a fi analizate \u00een urm\u0103toarea \u015fedin\u0163\u0103 a Consiliului Local Giurgiu se afl\u0103 \u015fi cel referitor la organizarea unor manifest\u0103ri prilejuite de Ziua ora\u015fului. Prim\u0103ria propune o serie de ac\u0163iuni ce suport\u0103 o mul\u0163ime de cheltuieli. Nu se \u0163ine cont de data din calendar, 23 aprilie fiind \u00een Postul Pa\u015ftelui, iar Prim\u0103ria organizeaz\u0103 concerte \u015fi activit\u0103\u0163i distractive. Apoi, chiar dac\u0103 \u00eentr\u0103m \u00een campanie electoral\u0103, e bine s\u0103 ne aplec\u0103m mai mult spre interesele cet\u0103\u0163enilor \u015fi nu s\u0103 risipim astfel banul public\u201d,<\/em> a precizat Florian Nicolae.<\/p>\n<p style=\"text-align: justify;\">Deputatul de Giurgiu sus\u0163ine c\u0103 PNL va propune \u00een Consiliul local Giurgiu mic\u015forarea impozitelor pe cl\u0103dirile nereziden\u0163iale, \u00eentruc\u00e2t, \u00een opinia sa, hot\u0103r\u00e2rea aprobat\u0103 \u00een noiembrie 2015 privind stabilirea taxelor \u015fi impozitelor locale nu \u00ee\u015fi jutific\u0103 aplicabilitatea, iar cet\u0103\u0163enii trebuie s\u0103 pl\u0103teasc\u0103 sume enorme pentru acest tip de cl\u0103diri.<\/p>\n<p style=\"text-align: justify;\">\n<p style=\"text-align: justify;\">Marcela Petcu<\/p>\n","protected":false},"excerpt":{"rendered":"<p>Candidatul PNL Giurgiu la func\u0163ia de primar al municipiului, deputatul Florian Nicolae, este de p\u0103rere c\u0103 fondurile care vor fi alocate \u00een acest an din bugetul local pentru organizarea Zilelor Municipiului Giurgiu sunt foarte mari \u015fi c\u0103 banul public<\/p>\n","protected":false},"author":2,"featured_media":0,"comment_status":"open","ping_status":"open","sticky":false,"template":"","format":"standard","meta":{"footnotes":""},"categories":[8],"tags":[],"class_list":["post-27886","post","type-post","status-publish","format-standard","hentry","category-alert-news"],"_links":{"self":[{"href":"https:\/\/www.giurgiuveanul.ro\/stiri\/wp-json\/wp\/v2\/posts\/27886","targetHints":{"allow":["GET"]}}],"collection":[{"href":"https:\/\/www.giurgiuveanul.ro\/stiri\/wp-json\/wp\/v2\/posts"}],"about":[{"href":"https:\/\/www.giurgiuveanul.ro\/stiri\/wp-json\/wp\/v2\/types\/post"}],"author":[{"embeddable":true,"href":"https:\/\/www.giurgiuveanul.ro\/stiri\/wp-json\/wp\/v2\/users\/2"}],"replies":[{"embeddable":true,"href":"https:\/\/www.giurgiuveanul.ro\/stiri\/wp-json\/wp\/v2\/comments?post=27886"}],"version-history":[{"count":0,"href":"https:\/\/www.giurgiuveanul.ro\/stiri\/wp-json\/wp\/v2\/posts\/27886\/revisions"}],"wp:attachment":[{"href":"https:\/\/www.giurgiuveanul.ro\/stiri\/wp-json\/wp\/v2\/media?parent=27886"}],"wp:term":[{"taxonomy":"category","embeddable":true,"href":"https:\/\/www.giurgiuveanul.ro\/stiri\/wp-json\/wp\/v2\/categories?post=27886"},{"taxonomy":"post_tag","embeddable":true,"href":"https:\/\/www.giurgiuveanul.ro\/stiri\/wp-json\/wp\/v2\/tags?post=27886"}],"curies":[{"name":"wp","href":"https:\/\/api.w.org\/{rel}","templated":true}]}}