{"id":27889,"date":"2016-03-04T13:15:36","date_gmt":"2016-03-04T11:15:36","guid":{"rendered":"https:\/\/www.giurgiuveanul.ro\/stiri\/?p=27889"},"modified":"2016-03-04T13:27:00","modified_gmt":"2016-03-04T11:27:00","slug":"gheorghe-stefan-dorel-din-capul-primariei-lovit-la-giurgiu","status":"publish","type":"post","link":"https:\/\/www.giurgiuveanul.ro\/stiri\/gheorghe-stefan-dorel-din-capul-primariei-lovit-la-giurgiu\/","title":{"rendered":"Gheorghe \u015etefan: \u201eDorel din capul Prim\u0103riei a lovit la Giurgiu!\u201d"},"content":{"rendered":"<p style=\"text-align: justify;\"><strong><a href=\"https:\/\/www.giurgiuveanul.ro\/stiri\/wp-content\/uploads\/2016\/03\/Gigi-Stefan.jpg\"><img loading=\"lazy\" decoding=\"async\" class=\"aligncenter size-large wp-image-27890\" src=\"https:\/\/www.giurgiuveanul.ro\/stiri\/wp-content\/uploads\/2016\/03\/Gigi-Stefan-560x410.jpg\" alt=\"Gigi Stefan\" width=\"560\" height=\"410\" srcset=\"https:\/\/www.giurgiuveanul.ro\/stiri\/wp-content\/uploads\/2016\/03\/Gigi-Stefan-560x410.jpg 560w, https:\/\/www.giurgiuveanul.ro\/stiri\/wp-content\/uploads\/2016\/03\/Gigi-Stefan-250x183.jpg 250w, https:\/\/www.giurgiuveanul.ro\/stiri\/wp-content\/uploads\/2016\/03\/Gigi-Stefan-400x293.jpg 400w, https:\/\/www.giurgiuveanul.ro\/stiri\/wp-content\/uploads\/2016\/03\/Gigi-Stefan.jpg 800w\" sizes=\"auto, (max-width: 560px) 100vw, 560px\" \/><\/a>Copre\u015fedintele PNL Giurgiu, Gheorghe \u015etefan, a lansat, vineri, un avertisment c\u0103tre conducerea Prim\u0103riei Giurgiu, dup\u0103 ce aceasta a dispus <!--more-->efectuarea unor lucr\u0103ri de refacere a digurilor pe canalul Cama, \u00een urma apari\u0163iei unor fisuri.<\/strong><\/p>\n<p style=\"text-align: justify;\">Sus\u0163in\u00e2nd c\u0103 a avut dreptate c\u0103nd a prev\u0103zut c\u0103 lucr\u0103rile de agrement de pe canal nu vor fi scutite de probleme, Gheorghe \u015etefan a condamnat efectuarea de lucr\u0103ri de \u00eendiguire \u00een perioada de prohibi\u0163ie, considerate ca infrac\u0163iune de Legea acvaculturii \u015fi pescuitului.<\/p>\n<p style=\"text-align: justify;\"><em>\u201eS-a confirmat c\u0103 am avut dreptate iar investi\u0163ia primarului Barbu \u00een zona de agrement de pe canalul Cama a avut probleme. Dorel din capul Prim\u0103riei a lovit la Giurgiu, iar c\u00e2nd a v\u0103zut c\u0103 apele se apropie, a \u00eenceput s\u0103 fac\u0103 un dig de protec\u0163ie. Acesta lucru contravine Legii pescuitului \u015fi este considerat infrac\u0163iune ca \u00een perioada de prohibi\u0163ie s\u0103 faci astfel de lucr\u0103ri. Domnul Dorel s- a apucat \u00eens\u0103 s\u0103 fac\u0103 o lucrare f\u0103r\u0103 autoriza\u0163ie, un dig de protec\u0163ie care, \u00een termeni populari, se va \u201ecloci\u201d \u00een scurt timp\u201d,<\/em> a afirmat Gheorghe \u015etefan.<\/p>\n<p style=\"text-align: justify;\">Liderul PNL Giurgiu sus\u0163ine c\u0103 pre\u015fedintele Agen\u0163iei Na\u0163ionale de protec\u0163ie\u00a0 Mediului, Toma Petcu, ar trebui s\u0103 se autosesizeze \u00een acest caz \u015fi s\u0103 ia m\u0103suri pentru nerespectarea legii, la Giurgiu.<\/p>\n","protected":false},"excerpt":{"rendered":"<p>Copre\u015fedintele PNL Giurgiu, Gheorghe \u015etefan, a lansat, vineri, un avertisment c\u0103tre conducerea Prim\u0103riei Giurgiu, dup\u0103 ce aceasta a dispus<\/p>\n","protected":false},"author":2,"featured_media":0,"comment_status":"open","ping_status":"open","sticky":false,"template":"","format":"standard","meta":{"footnotes":""},"categories":[8],"tags":[],"class_list":["post-27889","post","type-post","status-publish","format-standard","hentry","category-alert-news"],"_links":{"self":[{"href":"https:\/\/www.giurgiuveanul.ro\/stiri\/wp-json\/wp\/v2\/posts\/27889","targetHints":{"allow":["GET"]}}],"collection":[{"href":"https:\/\/www.giurgiuveanul.ro\/stiri\/wp-json\/wp\/v2\/posts"}],"about":[{"href":"https:\/\/www.giurgiuveanul.ro\/stiri\/wp-json\/wp\/v2\/types\/post"}],"author":[{"embeddable":true,"href":"https:\/\/www.giurgiuveanul.ro\/stiri\/wp-json\/wp\/v2\/users\/2"}],"replies":[{"embeddable":true,"href":"https:\/\/www.giurgiuveanul.ro\/stiri\/wp-json\/wp\/v2\/comments?post=27889"}],"version-history":[{"count":0,"href":"https:\/\/www.giurgiuveanul.ro\/stiri\/wp-json\/wp\/v2\/posts\/27889\/revisions"}],"wp:attachment":[{"href":"https:\/\/www.giurgiuveanul.ro\/stiri\/wp-json\/wp\/v2\/media?parent=27889"}],"wp:term":[{"taxonomy":"category","embeddable":true,"href":"https:\/\/www.giurgiuveanul.ro\/stiri\/wp-json\/wp\/v2\/categories?post=27889"},{"taxonomy":"post_tag","embeddable":true,"href":"https:\/\/www.giurgiuveanul.ro\/stiri\/wp-json\/wp\/v2\/tags?post=27889"}],"curies":[{"name":"wp","href":"https:\/\/api.w.org\/{rel}","templated":true}]}}