{"id":27951,"date":"2016-03-07T18:37:46","date_gmt":"2016-03-07T16:37:46","guid":{"rendered":"https:\/\/www.giurgiuveanul.ro\/stiri\/?p=27951"},"modified":"2016-03-07T18:37:46","modified_gmt":"2016-03-07T16:37:46","slug":"de-saptamana-viitoare-adio-fumat-in-cafenele-cluburi-si-restaurante","status":"publish","type":"post","link":"https:\/\/www.giurgiuveanul.ro\/stiri\/de-saptamana-viitoare-adio-fumat-in-cafenele-cluburi-si-restaurante\/","title":{"rendered":"De s\u0103pt\u0103m\u00e2na viitoare, adio fumat \u00een cafenele, cluburi \u015fi restaurante"},"content":{"rendered":"<p style=\"text-align: justify;\"><strong><a href=\"https:\/\/www.giurgiuveanul.ro\/stiri\/wp-content\/uploads\/2016\/03\/tigara-tutun-677x316_c.jpg\"><img loading=\"lazy\" decoding=\"async\" class=\"aligncenter size-large wp-image-27952\" src=\"https:\/\/www.giurgiuveanul.ro\/stiri\/wp-content\/uploads\/2016\/03\/tigara-tutun-677x316_c-560x261.jpg\" alt=\"tigara-tutun-677x316_c\" width=\"560\" height=\"261\" srcset=\"https:\/\/www.giurgiuveanul.ro\/stiri\/wp-content\/uploads\/2016\/03\/tigara-tutun-677x316_c-560x261.jpg 560w, https:\/\/www.giurgiuveanul.ro\/stiri\/wp-content\/uploads\/2016\/03\/tigara-tutun-677x316_c-250x117.jpg 250w, https:\/\/www.giurgiuveanul.ro\/stiri\/wp-content\/uploads\/2016\/03\/tigara-tutun-677x316_c-400x187.jpg 400w, https:\/\/www.giurgiuveanul.ro\/stiri\/wp-content\/uploads\/2016\/03\/tigara-tutun-677x316_c.jpg 677w\" sizes=\"auto, (max-width: 560px) 100vw, 560px\" \/><\/a>Potrivit legii antifumat care urmeaz\u0103 s\u0103 intre \u00een vigoare s\u0103pt\u0103m\u00e2na viitoare, fumatul va fi interzis \u00een spa\u0163iile publice.<\/strong><\/p>\n<p style=\"text-align: justify;\">\u00cen acest sens, sunt vizate <!--more-->cafenelele, cluburile \u015fi restaurantele. Fumatul va fi interzis \u00een localuri, la locul de munc\u0103, \u00een apropierea locurilor de joac\u0103 \u015fi chiar \u00een taxi-uri. Nu va fi permis fumatul nici \u00een ma\u015fina de serviciu, aceasta fiind considerat\u0103 \u201eloc de munc\u0103\u201d, dar nici \u00een construc\u0163iile proprietate privat\u0103 aflate pe terenuri care apar\u0163in autorit\u0103\u0163ilor. Spa\u0163iile vizate de restric\u0163ii sunt cele catalogate drept \u00eenchise \u015fi publice. Spa\u0163iul public este definit drept orice spa\u0163iu accesibil publicului (de ex. din domeniul cultural-artistic, s\u0103n\u0103tate, \u00eenv\u0103\u0163\u0103m\u00e2nt, alimenta\u0163iei publice, petrecerii timpului liber \u2013 cluburi, discoteci, restaurante, cafenele, pizzerii, spa\u0163iile autorit\u0103\u0163ilor centrale \u015fi locale, etc) sau destinat utiliz\u0103rii colective (de ex. pentru activit\u0103\u0163i sportive, t\u00e2rguri, expozi\u0163ii, etc), indiferent de forma de proprietate ori de dreptul de acces. De asemenea va fi interzis fumatul \u00een firmele de apartament. Dac\u0103 \u00eentr-o locuin\u0163\u0103 proprietate privat\u0103 se desf\u0103\u015foar\u0103 \u015fi activit\u0103\u0163i economice, atunci aceasta devine \u201eloc de munc\u0103\u201d (chiar dac\u0103 activitatea se desf\u0103\u015foar\u0103 doar \u00eentr-o camer\u0103), iar fumatul este interzis. \u00cen construc\u0163iile private aflate pe domeniul public, fumatul este de asemenea interzis. Spa\u0163iile comune din cl\u0103dirile reziden\u0163iale sunt considerate publice, a\u015fa c\u0103 nu se va mai putea fuma nici pe scara blocului. De s\u0103pt\u0103m\u00e2na viitoare, fumatul va fi permis doar \u00een \u00eenc\u0103perile special amenajate care s\u0103 \u00eendeplineasc\u0103 \u00eens\u0103, toate condi\u0163iile cerute.<\/p>\n<p style=\"text-align: justify;\"><strong>Amenzi drastice<\/strong><\/p>\n<p style=\"text-align: justify;\">Amenzile pentru cei care vor \u00eenc\u0103lca legea sunt \u00eens\u0103 de la 100 de lei la 500 de lei pentru persoanele fizice \u015fi de la 5.000 p\u00e2n\u0103 la 15.000 de lei pentru persoanele juridice. De asemenea, localurilor care nu respect\u0103 aceste prevederi legal le poate fi suspendat\u0103 activitatea. Legea care interzice fumatul \u00een toate spa\u0163iile publice \u00eenchise a fost adoptat\u0103 de plenul Camerei Deputa\u0163ilor, cu 164 de voturi \u201cpentru\u201d, 20 voturi \u201c\u00eempotriv\u0103\u201d \u015fi 26 de ab\u0163ineri \u015fi va fi pus\u0103 \u00een aplicare \u00eencep\u00e2nd cu jum\u0103tatea lunii martie.<\/p>\n","protected":false},"excerpt":{"rendered":"<p>Potrivit legii antifumat care urmeaz\u0103 s\u0103 intre \u00een vigoare s\u0103pt\u0103m\u00e2na viitoare, fumatul va fi interzis \u00een spa\u0163iile publice. \u00cen acest sens, sunt vizate<\/p>\n","protected":false},"author":2,"featured_media":0,"comment_status":"open","ping_status":"open","sticky":false,"template":"","format":"standard","meta":{"footnotes":""},"categories":[8],"tags":[],"class_list":["post-27951","post","type-post","status-publish","format-standard","hentry","category-alert-news"],"_links":{"self":[{"href":"https:\/\/www.giurgiuveanul.ro\/stiri\/wp-json\/wp\/v2\/posts\/27951","targetHints":{"allow":["GET"]}}],"collection":[{"href":"https:\/\/www.giurgiuveanul.ro\/stiri\/wp-json\/wp\/v2\/posts"}],"about":[{"href":"https:\/\/www.giurgiuveanul.ro\/stiri\/wp-json\/wp\/v2\/types\/post"}],"author":[{"embeddable":true,"href":"https:\/\/www.giurgiuveanul.ro\/stiri\/wp-json\/wp\/v2\/users\/2"}],"replies":[{"embeddable":true,"href":"https:\/\/www.giurgiuveanul.ro\/stiri\/wp-json\/wp\/v2\/comments?post=27951"}],"version-history":[{"count":0,"href":"https:\/\/www.giurgiuveanul.ro\/stiri\/wp-json\/wp\/v2\/posts\/27951\/revisions"}],"wp:attachment":[{"href":"https:\/\/www.giurgiuveanul.ro\/stiri\/wp-json\/wp\/v2\/media?parent=27951"}],"wp:term":[{"taxonomy":"category","embeddable":true,"href":"https:\/\/www.giurgiuveanul.ro\/stiri\/wp-json\/wp\/v2\/categories?post=27951"},{"taxonomy":"post_tag","embeddable":true,"href":"https:\/\/www.giurgiuveanul.ro\/stiri\/wp-json\/wp\/v2\/tags?post=27951"}],"curies":[{"name":"wp","href":"https:\/\/api.w.org\/{rel}","templated":true}]}}