{"id":28006,"date":"2016-03-09T16:12:30","date_gmt":"2016-03-09T14:12:30","guid":{"rendered":"https:\/\/www.giurgiuveanul.ro\/stiri\/?p=28006"},"modified":"2016-03-09T16:45:18","modified_gmt":"2016-03-09T14:45:18","slug":"barbu-pierdut-puterea-in-consiliul-municipal","status":"publish","type":"post","link":"https:\/\/www.giurgiuveanul.ro\/stiri\/barbu-pierdut-puterea-in-consiliul-municipal\/","title":{"rendered":"Barbu a pierdut puterea \u00een Consiliul Municipal"},"content":{"rendered":"<p style=\"text-align: justify;\"><strong><a href=\"https:\/\/www.giurgiuveanul.ro\/stiri\/wp-content\/uploads\/2016\/03\/consiliul-local-giurgiu.jpg\"><img loading=\"lazy\" decoding=\"async\" class=\"aligncenter size-large wp-image-28007\" src=\"https:\/\/www.giurgiuveanul.ro\/stiri\/wp-content\/uploads\/2016\/03\/consiliul-local-giurgiu-560x268.jpg\" alt=\"consiliul-local-giurgiu\" width=\"560\" height=\"268\" srcset=\"https:\/\/www.giurgiuveanul.ro\/stiri\/wp-content\/uploads\/2016\/03\/consiliul-local-giurgiu-560x268.jpg 560w, https:\/\/www.giurgiuveanul.ro\/stiri\/wp-content\/uploads\/2016\/03\/consiliul-local-giurgiu-250x120.jpg 250w, https:\/\/www.giurgiuveanul.ro\/stiri\/wp-content\/uploads\/2016\/03\/consiliul-local-giurgiu-400x191.jpg 400w, https:\/\/www.giurgiuveanul.ro\/stiri\/wp-content\/uploads\/2016\/03\/consiliul-local-giurgiu.jpg 940w\" sizes=\"auto, (max-width: 560px) 100vw, 560px\" \/><\/a>O bomb\u0103 a \u201eexplodat\u201d, ast\u0103zi,\u00a0 \u00een \u015fedin\u0163a ordinar\u0103 a Consiliului Local Giurgiu, fiind detonat\u0103 de<!--more--> viceprimarul demis Alexandru Vladu. Mai multe proiecte propuse de primarul Barbu nu au \u00eentrunit num\u0103rul necesar de voturi pentru a fi adoptate, fiind respinse de noua coali\u0163ie PNL-ALDE format\u0103 \u00eempotriva primarului.<\/strong><\/p>\n<p style=\"text-align: justify;\">A\u015fa se face c\u0103 nu a fost adoptat nici regulamentul privind \u00eenchirierea de ambarca\u0163iuni de agrement f\u0103r\u0103 motor pe canalul Cama, care a suscitat discu\u0163ii \u00een contradictoriu \u00eentre primarul Barbu \u015fi consilierii Velicu \u015fi Stanciu, dar nici achizi\u0163ia de servicii juridice, \u00eentr-un dosar \u00een care Consiliul local se judec\u0103 la Curtea de Apel chiar cu un consilier local.<\/p>\n<p style=\"text-align: justify;\">Consilierul Florian Velicu a ironizat proiectul privind \u00eenchirierea de ambarca\u0163iuni, sus\u0163in\u00e2nd c\u0103 se poate circula cu barca chiar \u015fi prin cl\u0103dirile construite din fonduri europene, cer\u00e2nd, \u00een acela\u015fi timp, o analiz\u0103 a modului \u00een care a fost proiectat\u0103 \u015fi executat\u0103 lucrarea, deoarece nu a fost luat\u0103 \u00een calcul \u015fi o situa\u0163ie de calamitate pe canalul Cama.<\/p>\n<p style=\"text-align: justify;\">Explica\u0163ia primarului a fost c\u0103 trebuia executat\u0103 o construc\u0163ie hidrotehnic\u0103 de protec\u0163ie, \u00eens\u0103 firma care a c\u00e2\u015ftigat licita\u0163ia nu a executat lucrarea, fiind nevoie s\u0103 intervin\u0103 cu for\u0163e proprii, \u00eens\u0103 f\u0103r\u0103 prea mare succes, pentru c\u0103 apa a p\u0103truns \u00een zona de agrement de pe canal.<\/p>\n<p style=\"text-align: justify;\">Nervos c\u0103 proiectul cu privire la \u00eenchirerea ambarca\u0163iunilor a picat la vot, Barbu i-a acuzat pe consilierii din opozi\u0163ie c\u0103 le va scrie numele pe panouri pentru a le ar\u0103ta giurgiuvenilor c\u0103 s-au \u00eempotrivit punerii \u00een aplicare a unui proiect european.<\/p>\n<p style=\"text-align: justify;\">Consilierul Florian Velicu a replicat c\u0103 nici Pia\u0163a de Pe\u015fte nu func\u0163ioneaz\u0103 \u015fi asta nu li se datoreaz\u0103 consilierilor, ci executivului.<\/p>\n<p style=\"text-align: justify;\">Disputele verbale \u00eentre primar \u015fi consilierii din noua majoritate au continuat pe tot parcursul \u015fedin\u0163ei, \u015fi alte proiecte propuse de Barbu fiind respinse, ace\u015ftia ar\u0103t\u00e2ndu-i, practic, c\u0103 nu va mai face, de acum \u00eenainte, legea \u00een CL Giurgiu.<\/p>\n<p style=\"text-align: justify;\"><em>Marcela Petcu<\/em><\/p>\n","protected":false},"excerpt":{"rendered":"<p>O bomb\u0103 a \u201eexplodat\u201d, ast\u0103zi,\u00a0 \u00een \u015fedin\u0163a ordinar\u0103 a Consiliului Local Giurgiu, fiind detonat\u0103 de<\/p>\n","protected":false},"author":2,"featured_media":0,"comment_status":"open","ping_status":"open","sticky":false,"template":"","format":"standard","meta":{"footnotes":""},"categories":[8],"tags":[],"class_list":["post-28006","post","type-post","status-publish","format-standard","hentry","category-alert-news"],"_links":{"self":[{"href":"https:\/\/www.giurgiuveanul.ro\/stiri\/wp-json\/wp\/v2\/posts\/28006","targetHints":{"allow":["GET"]}}],"collection":[{"href":"https:\/\/www.giurgiuveanul.ro\/stiri\/wp-json\/wp\/v2\/posts"}],"about":[{"href":"https:\/\/www.giurgiuveanul.ro\/stiri\/wp-json\/wp\/v2\/types\/post"}],"author":[{"embeddable":true,"href":"https:\/\/www.giurgiuveanul.ro\/stiri\/wp-json\/wp\/v2\/users\/2"}],"replies":[{"embeddable":true,"href":"https:\/\/www.giurgiuveanul.ro\/stiri\/wp-json\/wp\/v2\/comments?post=28006"}],"version-history":[{"count":0,"href":"https:\/\/www.giurgiuveanul.ro\/stiri\/wp-json\/wp\/v2\/posts\/28006\/revisions"}],"wp:attachment":[{"href":"https:\/\/www.giurgiuveanul.ro\/stiri\/wp-json\/wp\/v2\/media?parent=28006"}],"wp:term":[{"taxonomy":"category","embeddable":true,"href":"https:\/\/www.giurgiuveanul.ro\/stiri\/wp-json\/wp\/v2\/categories?post=28006"},{"taxonomy":"post_tag","embeddable":true,"href":"https:\/\/www.giurgiuveanul.ro\/stiri\/wp-json\/wp\/v2\/tags?post=28006"}],"curies":[{"name":"wp","href":"https:\/\/api.w.org\/{rel}","templated":true}]}}