{"id":28009,"date":"2016-03-09T16:18:43","date_gmt":"2016-03-09T14:18:43","guid":{"rendered":"https:\/\/www.giurgiuveanul.ro\/stiri\/?p=28009"},"modified":"2016-03-09T16:18:43","modified_gmt":"2016-03-09T14:18:43","slug":"impact-in-curbele-de-la-balanoaia","status":"publish","type":"post","link":"https:\/\/www.giurgiuveanul.ro\/stiri\/impact-in-curbele-de-la-balanoaia\/","title":{"rendered":"Impact \u00een curbele de la B\u0103l\u0103noaia"},"content":{"rendered":"<p style=\"text-align: justify;\"><strong><a href=\"https:\/\/www.giurgiuveanul.ro\/stiri\/wp-content\/uploads\/2016\/03\/accident-giurgiu-.jpg\"><img loading=\"lazy\" decoding=\"async\" class=\"aligncenter size-large wp-image-28010\" src=\"https:\/\/www.giurgiuveanul.ro\/stiri\/wp-content\/uploads\/2016\/03\/accident-giurgiu--560x253.jpg\" alt=\"accident-giurgiu-\" width=\"560\" height=\"253\" srcset=\"https:\/\/www.giurgiuveanul.ro\/stiri\/wp-content\/uploads\/2016\/03\/accident-giurgiu--560x253.jpg 560w, https:\/\/www.giurgiuveanul.ro\/stiri\/wp-content\/uploads\/2016\/03\/accident-giurgiu--250x113.jpg 250w, https:\/\/www.giurgiuveanul.ro\/stiri\/wp-content\/uploads\/2016\/03\/accident-giurgiu--400x181.jpg 400w, https:\/\/www.giurgiuveanul.ro\/stiri\/wp-content\/uploads\/2016\/03\/accident-giurgiu-.jpg 620w\" sizes=\"auto, (max-width: 560px) 100vw, 560px\" \/><\/a>Este cunoscut faptul c\u0103 mul\u0163i \u015foferi de TIR se cred <!--more-->st\u0103p\u00e2nii \u015foselelor. Afla\u0163i la volanul bolizilor, nu se mai g\u00e2ndesc la ceilal\u0163i participan\u0163i la trafic, \u015fi, nu de pu\u0163ine ori, prin incon\u015ftien\u0163a lor, pun \u00een pericol vie\u0163i nevinovate. S-a \u00eent\u00e2mplat \u015fi ast\u0103zi, \u00een jurul orei 11.50, pe DN 5B, \u00een curbele de la B\u0103l\u0103noiaia.\u00a0 Afar\u0103 ploua, iar asfaltul era ud, vremea oblig\u00e2ndu-i pe \u015foferi s\u0103 circule cu pruden\u0163\u0103 \u015fi vitez\u0103 redus\u0103.<\/strong><\/p>\n<p style=\"text-align: justify;\">Un b\u0103rbat de 66 de ani, din Constan\u0163a, conducea un TIR cu remorc\u0103\u00a0 dinspre Ghimpa\u0163i c\u0103tre Giurgiu. \u00cen curbele deosebit de periculoase de la B\u0103l\u0103noaia, \u015foferul nu a redus viteza \u015fi, din aceast\u0103 cauz\u0103, remorca a derapat, ajung\u00e2nd pe contrasens. A acro\u015fat o Dacia Logan MCV, la volanul c\u0103reia se afla un b\u0103rbat de 45 de ani, din Giurgiu.<\/p>\n<p style=\"text-align: justify;\">Din fericire, nu au existat victime, ci doar pagube materiale.<\/p>\n<p style=\"text-align: justify;\">\u015eoferul TIR-ului a fost sanc\u0163ionat cu \u015fase puncte amend\u0103 pentru neadaptarea vitezei la condi\u0163iile de drum, respectiv cu o amend\u0103 de 630 lei.<\/p>\n","protected":false},"excerpt":{"rendered":"<p>Este cunoscut faptul c\u0103 mul\u0163i \u015foferi de TIR se cred<\/p>\n","protected":false},"author":2,"featured_media":0,"comment_status":"open","ping_status":"open","sticky":false,"template":"","format":"standard","meta":{"footnotes":""},"categories":[8],"tags":[],"class_list":["post-28009","post","type-post","status-publish","format-standard","hentry","category-alert-news"],"_links":{"self":[{"href":"https:\/\/www.giurgiuveanul.ro\/stiri\/wp-json\/wp\/v2\/posts\/28009","targetHints":{"allow":["GET"]}}],"collection":[{"href":"https:\/\/www.giurgiuveanul.ro\/stiri\/wp-json\/wp\/v2\/posts"}],"about":[{"href":"https:\/\/www.giurgiuveanul.ro\/stiri\/wp-json\/wp\/v2\/types\/post"}],"author":[{"embeddable":true,"href":"https:\/\/www.giurgiuveanul.ro\/stiri\/wp-json\/wp\/v2\/users\/2"}],"replies":[{"embeddable":true,"href":"https:\/\/www.giurgiuveanul.ro\/stiri\/wp-json\/wp\/v2\/comments?post=28009"}],"version-history":[{"count":0,"href":"https:\/\/www.giurgiuveanul.ro\/stiri\/wp-json\/wp\/v2\/posts\/28009\/revisions"}],"wp:attachment":[{"href":"https:\/\/www.giurgiuveanul.ro\/stiri\/wp-json\/wp\/v2\/media?parent=28009"}],"wp:term":[{"taxonomy":"category","embeddable":true,"href":"https:\/\/www.giurgiuveanul.ro\/stiri\/wp-json\/wp\/v2\/categories?post=28009"},{"taxonomy":"post_tag","embeddable":true,"href":"https:\/\/www.giurgiuveanul.ro\/stiri\/wp-json\/wp\/v2\/tags?post=28009"}],"curies":[{"name":"wp","href":"https:\/\/api.w.org\/{rel}","templated":true}]}}