{"id":28050,"date":"2016-03-11T08:20:06","date_gmt":"2016-03-11T06:20:06","guid":{"rendered":"https:\/\/www.giurgiuveanul.ro\/stiri\/?p=28050"},"modified":"2016-03-11T08:20:06","modified_gmt":"2016-03-11T06:20:06","slug":"cum-va-fi-vremea-la-giurgiu-6","status":"publish","type":"post","link":"https:\/\/www.giurgiuveanul.ro\/stiri\/cum-va-fi-vremea-la-giurgiu-6\/","title":{"rendered":"Cum va fi vremea la Giurgiu"},"content":{"rendered":"<p><a href=\"https:\/\/www.giurgiuveanul.ro\/stiri\/wp-content\/uploads\/2016\/03\/IMG_7535.jpg\"><img loading=\"lazy\" decoding=\"async\" class=\"aligncenter size-large wp-image-28051\" src=\"https:\/\/www.giurgiuveanul.ro\/stiri\/wp-content\/uploads\/2016\/03\/IMG_7535-560x402.jpg\" alt=\"IMG_7535\" width=\"560\" height=\"402\" srcset=\"https:\/\/www.giurgiuveanul.ro\/stiri\/wp-content\/uploads\/2016\/03\/IMG_7535-560x402.jpg 560w, https:\/\/www.giurgiuveanul.ro\/stiri\/wp-content\/uploads\/2016\/03\/IMG_7535-250x179.jpg 250w, https:\/\/www.giurgiuveanul.ro\/stiri\/wp-content\/uploads\/2016\/03\/IMG_7535-400x287.jpg 400w, https:\/\/www.giurgiuveanul.ro\/stiri\/wp-content\/uploads\/2016\/03\/IMG_7535.jpg 800w\" sizes=\"auto, (max-width: 560px) 100vw, 560px\" \/><\/a>Prim\u0103vara continu\u0103 s\u0103 fie capricioas\u0103, la Giurgiu. Meteorologii anun\u0163\u0103<!--more--> vreme ur\u00e2t\u0103 \u015fi \u00een zilele urm\u0103toare, cu nori, ploi \u015fi v\u00e2nt. Temperaturile vor fi mult mai sc\u0103zute dec\u00e2t p\u00e2n\u0103 acum, valorile fiind u\u015for sub cele normale pentru aceast\u0103 perioad\u0103 a anului.<\/p>\n<p>Ast\u0103zi, la Giurgiu, cerul este \u00eennorat \u015fi v\u00e2ntul sufl\u0103 moderat, dinspre est \u015fi nord-est. Se vor semnala averse. Maxima termic\u0103 va atinge nou\u0103 grade Celsius. La noapte, vor fi din nou perioade de ploaie u\u015foar\u0103. Termometrele vor indica minimum 6 grade.<\/p>\n<p>S\u00e2mb\u0103t\u0103, va fi par\u0163ial \u00eennorat \u015fi valorile termice se vor \u00eencadra \u00eentre 6 \u015fi 9 grade. Duminic\u0103 va ploua din nou \u015fi va fi tot rece.<\/p>\n","protected":false},"excerpt":{"rendered":"<p>Prim\u0103vara continu\u0103 s\u0103 fie capricioas\u0103, la Giurgiu. Meteorologii anun\u0163\u0103<\/p>\n","protected":false},"author":2,"featured_media":0,"comment_status":"open","ping_status":"open","sticky":false,"template":"","format":"standard","meta":{"footnotes":""},"categories":[8],"tags":[],"class_list":["post-28050","post","type-post","status-publish","format-standard","hentry","category-alert-news"],"_links":{"self":[{"href":"https:\/\/www.giurgiuveanul.ro\/stiri\/wp-json\/wp\/v2\/posts\/28050","targetHints":{"allow":["GET"]}}],"collection":[{"href":"https:\/\/www.giurgiuveanul.ro\/stiri\/wp-json\/wp\/v2\/posts"}],"about":[{"href":"https:\/\/www.giurgiuveanul.ro\/stiri\/wp-json\/wp\/v2\/types\/post"}],"author":[{"embeddable":true,"href":"https:\/\/www.giurgiuveanul.ro\/stiri\/wp-json\/wp\/v2\/users\/2"}],"replies":[{"embeddable":true,"href":"https:\/\/www.giurgiuveanul.ro\/stiri\/wp-json\/wp\/v2\/comments?post=28050"}],"version-history":[{"count":0,"href":"https:\/\/www.giurgiuveanul.ro\/stiri\/wp-json\/wp\/v2\/posts\/28050\/revisions"}],"wp:attachment":[{"href":"https:\/\/www.giurgiuveanul.ro\/stiri\/wp-json\/wp\/v2\/media?parent=28050"}],"wp:term":[{"taxonomy":"category","embeddable":true,"href":"https:\/\/www.giurgiuveanul.ro\/stiri\/wp-json\/wp\/v2\/categories?post=28050"},{"taxonomy":"post_tag","embeddable":true,"href":"https:\/\/www.giurgiuveanul.ro\/stiri\/wp-json\/wp\/v2\/tags?post=28050"}],"curies":[{"name":"wp","href":"https:\/\/api.w.org\/{rel}","templated":true}]}}