{"id":28053,"date":"2016-03-11T09:08:27","date_gmt":"2016-03-11T07:08:27","guid":{"rendered":"https:\/\/www.giurgiuveanul.ro\/stiri\/?p=28053"},"modified":"2016-03-11T09:08:27","modified_gmt":"2016-03-11T07:08:27","slug":"asociatiile-de-proprietari-obligate-sa-afiseze-toate-cheltuielile","status":"publish","type":"post","link":"https:\/\/www.giurgiuveanul.ro\/stiri\/asociatiile-de-proprietari-obligate-sa-afiseze-toate-cheltuielile\/","title":{"rendered":"Asocia\u0163iile de proprietari, obligate s\u0103 afi\u015feze toate cheltuielile"},"content":{"rendered":"<p style=\"text-align: justify;\"><strong><a href=\"https:\/\/www.giurgiuveanul.ro\/stiri\/wp-content\/uploads\/2016\/03\/asocia\u021bii-de-proprietari.jpg\"><img loading=\"lazy\" decoding=\"async\" class=\"aligncenter size-full wp-image-28054\" src=\"https:\/\/www.giurgiuveanul.ro\/stiri\/wp-content\/uploads\/2016\/03\/asocia\u021bii-de-proprietari.jpg\" alt=\"asocia\u021bii-de-proprietari\" width=\"466\" height=\"412\" srcset=\"https:\/\/www.giurgiuveanul.ro\/stiri\/wp-content\/uploads\/2016\/03\/asocia\u021bii-de-proprietari.jpg 466w, https:\/\/www.giurgiuveanul.ro\/stiri\/wp-content\/uploads\/2016\/03\/asocia\u021bii-de-proprietari-250x221.jpg 250w, https:\/\/www.giurgiuveanul.ro\/stiri\/wp-content\/uploads\/2016\/03\/asocia\u021bii-de-proprietari-400x354.jpg 400w\" sizes=\"auto, (max-width: 466px) 100vw, 466px\" \/><\/a>\u00cencep\u00e2nd de s\u00e2mb\u0103t\u0103, 12 martie, asocia\u0163iile de proprietari vor fi obligate s\u0103 afi\u015feze, l\u00e2ng\u0103 lista de<!--more--> plat\u0103 a cheltuielilor acesteia, modalitatea de calcul ce st\u0103 la baza sumelor lunare de achitat ce revin proprietarilor. \u00cen cazul \u00een care aceast\u0103 obliga\u0163ie nu va fi \u00eendeplinit\u0103 de administratori, amenzile aplicabile pot ajunge p\u00e2n\u0103 la 3.000 lei.<\/strong><\/p>\n<p style=\"text-align: justify;\">Legea nr. 17\/2016 pentru modificarea \u015fi completarea Legii nr. 230\/2007 privind \u00eenfiin\u0163area, organizarea \u015fi func\u0163ionarea asocia\u0163iilor de proprietari a fost publicat\u0103 \u00een Monitorul Oficial, Partea I, nr. 174 din 8 martie \u015fi va intra \u00een vigoare de ast\u0103zi.<\/p>\n<p style=\"text-align: justify;\">Astfel, asocia\u0163iile de proprietari vor trebui s\u0103 afi\u015feze lunar, a\u015fa cum reiese din document, modalitatea de calcul ce st\u0103 la baza sumelor de plat\u0103 lunare aferente proprietarilor de apartamente. Acest lucru va fi f\u0103cut de c\u0103tre pre\u015fedintele asocia\u0163iei.<\/p>\n<p style=\"text-align: justify;\">\u201eAsocia\u0163ia de proprietari, prin grija pre\u015fedintelui asocia\u0163iei, va afi\u015fa lunar, la vedere, l\u00e2ng\u0103 lista de plat\u0103 a cheltuielilor asocia\u0163iei de proprietari, modalitatea de calcul \u00een urma c\u0103reia au rezultat sumele lunare de plat\u0103 ale proprietarilor. Modalitatea de calcul va con\u0163ine \u015fi ar\u0103ta explicit toate costurile \u015fi sumele care formeaz\u0103 totalul de plat\u0103 al proprietarilor, respectiv modul de calcul \u015fi de repartizare a acestor cheltuieli c\u0103tre proprietari\u201d, se prevede \u00een noul document legislativ.<\/p>\n<p style=\"text-align: justify;\">\u00cen situa\u0163ia \u00een care modalitatea de calcul a sumelor lunare de plat\u0103 ce revin proprietarilor de apartamente nu va fi afi\u015fat\u0103, amenda aplicabil\u0103 va fi cuprins\u0103 \u00eentre 500 \u015fi 3.000 lei.<\/p>\n<p style=\"text-align: justify;\">Introducerea acestei obliga\u0163ii va impune un plus de transparen\u0163\u0103 \u00een repartizarea \u015fi stabilirea cheltuielilor asocia\u0163iilor de proprietari.<\/p>\n<p style=\"text-align: justify;\">De re\u0163inut este c\u0103 orice persoan\u0103 interesat\u0103 poate s\u0103 fac\u0103 sesiz\u0103ri cu privire la faptele ce constituie contraven\u0163ii. Iar de constatarea contraven\u0163iilor \u015fi aplicarea sanc\u0163iunilor se ocup\u0103 persoanele \u00eemputernicite de Inspectoratul de Stat \u00een Construc\u0163ii \u015fi de Ministerul Afacerilor Interne, primarii sau \u00eemputernici\u0163ii acestora.<\/p>\n<p style=\"text-align: justify;\">\u201eCheltuielile efectuate de asocia\u0163ia de proprietari pentru plata unor servicii de utilit\u0103\u0163i publice sau de alt\u0103 natur\u0103, legate de propriet\u0103\u0163ile individuale din condominiu \u015fi care nu se factureaz\u0103 individual pe fiecare dintre acestea, se repartizeaz\u0103 dup\u0103 acela\u015fi criteriu care a stat la baza emiterii facturii, \u00een conformitate cu prevederile contractului \u00eencheiat cu furnizorul respectivului serviciu\u201d, este punctat \u00een actul normativ amintit.<\/p>\n","protected":false},"excerpt":{"rendered":"<p>\u00cencep\u00e2nd de s\u00e2mb\u0103t\u0103, 12 martie, asocia\u0163iile de proprietari vor fi obligate s\u0103 afi\u015feze, l\u00e2ng\u0103 lista de<\/p>\n","protected":false},"author":2,"featured_media":0,"comment_status":"open","ping_status":"open","sticky":false,"template":"","format":"standard","meta":{"footnotes":""},"categories":[8],"tags":[],"class_list":["post-28053","post","type-post","status-publish","format-standard","hentry","category-alert-news"],"_links":{"self":[{"href":"https:\/\/www.giurgiuveanul.ro\/stiri\/wp-json\/wp\/v2\/posts\/28053","targetHints":{"allow":["GET"]}}],"collection":[{"href":"https:\/\/www.giurgiuveanul.ro\/stiri\/wp-json\/wp\/v2\/posts"}],"about":[{"href":"https:\/\/www.giurgiuveanul.ro\/stiri\/wp-json\/wp\/v2\/types\/post"}],"author":[{"embeddable":true,"href":"https:\/\/www.giurgiuveanul.ro\/stiri\/wp-json\/wp\/v2\/users\/2"}],"replies":[{"embeddable":true,"href":"https:\/\/www.giurgiuveanul.ro\/stiri\/wp-json\/wp\/v2\/comments?post=28053"}],"version-history":[{"count":0,"href":"https:\/\/www.giurgiuveanul.ro\/stiri\/wp-json\/wp\/v2\/posts\/28053\/revisions"}],"wp:attachment":[{"href":"https:\/\/www.giurgiuveanul.ro\/stiri\/wp-json\/wp\/v2\/media?parent=28053"}],"wp:term":[{"taxonomy":"category","embeddable":true,"href":"https:\/\/www.giurgiuveanul.ro\/stiri\/wp-json\/wp\/v2\/categories?post=28053"},{"taxonomy":"post_tag","embeddable":true,"href":"https:\/\/www.giurgiuveanul.ro\/stiri\/wp-json\/wp\/v2\/tags?post=28053"}],"curies":[{"name":"wp","href":"https:\/\/api.w.org\/{rel}","templated":true}]}}