{"id":28099,"date":"2016-03-14T09:09:44","date_gmt":"2016-03-14T07:09:44","guid":{"rendered":"https:\/\/www.giurgiuveanul.ro\/stiri\/?p=28099"},"modified":"2016-03-14T09:09:44","modified_gmt":"2016-03-14T07:09:44","slug":"giurgiu-avertizare-de-cod-galben-de-vant-puternic-pana-la-ora-14","status":"publish","type":"post","link":"https:\/\/www.giurgiuveanul.ro\/stiri\/giurgiu-avertizare-de-cod-galben-de-vant-puternic-pana-la-ora-14\/","title":{"rendered":"Giurgiu, sub avertizare de cod galben de v\u00e2nt puternic, p\u00e2n\u0103 la ora 14"},"content":{"rendered":"<p style=\"text-align: justify;\"><strong><a href=\"https:\/\/www.giurgiuveanul.ro\/stiri\/wp-content\/uploads\/2016\/03\/vant-puternic.jpg\"><img loading=\"lazy\" decoding=\"async\" class=\"aligncenter size-large wp-image-28100\" src=\"https:\/\/www.giurgiuveanul.ro\/stiri\/wp-content\/uploads\/2016\/03\/vant-puternic-560x373.jpg\" alt=\"vant puternic\" width=\"560\" height=\"373\" srcset=\"https:\/\/www.giurgiuveanul.ro\/stiri\/wp-content\/uploads\/2016\/03\/vant-puternic-560x373.jpg 560w, https:\/\/www.giurgiuveanul.ro\/stiri\/wp-content\/uploads\/2016\/03\/vant-puternic-250x167.jpg 250w, https:\/\/www.giurgiuveanul.ro\/stiri\/wp-content\/uploads\/2016\/03\/vant-puternic-400x267.jpg 400w, https:\/\/www.giurgiuveanul.ro\/stiri\/wp-content\/uploads\/2016\/03\/vant-puternic.jpg 1280w\" sizes=\"auto, (max-width: 560px) 100vw, 560px\" \/><\/a>Meteorologii au emis, ieri diminea\u021b\u0103, o avertizare meteo tip cod galben de v\u00e2nt puternic, valabil\u0103 pentru <!--more-->13 jude\u021be printre care \u0219i Giurgiu. <\/strong><\/p>\n<p style=\"text-align: justify;\">Potrivit speciali\u0219tilor, \u00een intervalul cuprins \u00eentre 13 martie, ora 21.00 &#8211; 14 martie, ora 14.00, \u00een zonele vizate de aten\u021bionare, v\u00e2ntul va prezenta intensific\u0103ri puternice. Astfel, \u00een sudul \u0219i estul \u021b\u0103rii dar \u0219i \u00een Muntenia, \u00een sudul Moldovei \u0219i \u00een Dobrogea, rafalele vor dep\u0103\u0219i 55 &#8211; 65 km\/h.<\/p>\n<p style=\"text-align: justify;\">La munte, \u00een special \u00een zona Carpa\u021bilor Orientali, la peste 1.500 metri se vor semnala precipita\u021bii predominant sub form\u0103 de ninsoare.<\/p>\n","protected":false},"excerpt":{"rendered":"<p>Meteorologii au emis, ieri diminea\u021b\u0103, o avertizare meteo tip cod galben de v\u00e2nt puternic, valabil\u0103 pentru<\/p>\n","protected":false},"author":2,"featured_media":0,"comment_status":"open","ping_status":"open","sticky":false,"template":"","format":"standard","meta":{"footnotes":""},"categories":[8],"tags":[],"class_list":["post-28099","post","type-post","status-publish","format-standard","hentry","category-alert-news"],"_links":{"self":[{"href":"https:\/\/www.giurgiuveanul.ro\/stiri\/wp-json\/wp\/v2\/posts\/28099","targetHints":{"allow":["GET"]}}],"collection":[{"href":"https:\/\/www.giurgiuveanul.ro\/stiri\/wp-json\/wp\/v2\/posts"}],"about":[{"href":"https:\/\/www.giurgiuveanul.ro\/stiri\/wp-json\/wp\/v2\/types\/post"}],"author":[{"embeddable":true,"href":"https:\/\/www.giurgiuveanul.ro\/stiri\/wp-json\/wp\/v2\/users\/2"}],"replies":[{"embeddable":true,"href":"https:\/\/www.giurgiuveanul.ro\/stiri\/wp-json\/wp\/v2\/comments?post=28099"}],"version-history":[{"count":0,"href":"https:\/\/www.giurgiuveanul.ro\/stiri\/wp-json\/wp\/v2\/posts\/28099\/revisions"}],"wp:attachment":[{"href":"https:\/\/www.giurgiuveanul.ro\/stiri\/wp-json\/wp\/v2\/media?parent=28099"}],"wp:term":[{"taxonomy":"category","embeddable":true,"href":"https:\/\/www.giurgiuveanul.ro\/stiri\/wp-json\/wp\/v2\/categories?post=28099"},{"taxonomy":"post_tag","embeddable":true,"href":"https:\/\/www.giurgiuveanul.ro\/stiri\/wp-json\/wp\/v2\/tags?post=28099"}],"curies":[{"name":"wp","href":"https:\/\/api.w.org\/{rel}","templated":true}]}}