{"id":28180,"date":"2016-03-17T17:16:04","date_gmt":"2016-03-17T15:16:04","guid":{"rendered":"https:\/\/www.giurgiuveanul.ro\/stiri\/?p=28180"},"modified":"2016-03-17T17:16:04","modified_gmt":"2016-03-17T15:16:04","slug":"munte-de-gunoaie-pe-dn-5-giurgiu-bucuresti","status":"publish","type":"post","link":"https:\/\/www.giurgiuveanul.ro\/stiri\/munte-de-gunoaie-pe-dn-5-giurgiu-bucuresti\/","title":{"rendered":"Un munte de gunoaie pe DN 5 Giurgiu-Bucure\u015fti"},"content":{"rendered":"<p style=\"text-align: justify;\"><strong><a href=\"https:\/\/www.giurgiuveanul.ro\/stiri\/wp-content\/uploads\/2016\/03\/IMG_7341.jpg\"><img loading=\"lazy\" decoding=\"async\" class=\"aligncenter size-large wp-image-28181\" src=\"https:\/\/www.giurgiuveanul.ro\/stiri\/wp-content\/uploads\/2016\/03\/IMG_7341-560x373.jpg\" alt=\"IMG_7341\" width=\"560\" height=\"373\" srcset=\"https:\/\/www.giurgiuveanul.ro\/stiri\/wp-content\/uploads\/2016\/03\/IMG_7341-560x373.jpg 560w, https:\/\/www.giurgiuveanul.ro\/stiri\/wp-content\/uploads\/2016\/03\/IMG_7341-250x167.jpg 250w, https:\/\/www.giurgiuveanul.ro\/stiri\/wp-content\/uploads\/2016\/03\/IMG_7341-400x267.jpg 400w, https:\/\/www.giurgiuveanul.ro\/stiri\/wp-content\/uploads\/2016\/03\/IMG_7341.jpg 800w\" sizes=\"auto, (max-width: 560px) 100vw, 560px\" \/><\/a>Gospod\u0103ria<!--more--> unui localnic din Remu\u015f, situat\u0103 chiar pe DN 5 Giurgiu-Bucure\u015fti, la doar c\u00e2\u0163iva kilometri de frontiera dintre Rom\u00e2nia \u015fi Bulgaria, a devenit o adev\u0103rat\u0103 groap\u0103 de gunoi. \u00cen curtea omului se afl\u0103 un munte de gunoaie menajere, pet-uri, fiare, care creeaz\u0103 o impresie dezolant\u0103, \u00een special turi\u015ftilor care tranziteaz\u0103 DN 5 Giurgiu-Bucure\u015fti. \u00a0<\/strong><\/p>\n<p style=\"text-align: justify;\"><a href=\"https:\/\/www.giurgiuveanul.ro\/stiri\/wp-content\/uploads\/2016\/03\/IMG_7344.jpg\"><img loading=\"lazy\" decoding=\"async\" class=\"aligncenter size-large wp-image-28182\" src=\"https:\/\/www.giurgiuveanul.ro\/stiri\/wp-content\/uploads\/2016\/03\/IMG_7344-560x361.jpg\" alt=\"IMG_7344\" width=\"560\" height=\"361\" srcset=\"https:\/\/www.giurgiuveanul.ro\/stiri\/wp-content\/uploads\/2016\/03\/IMG_7344-560x361.jpg 560w, https:\/\/www.giurgiuveanul.ro\/stiri\/wp-content\/uploads\/2016\/03\/IMG_7344-250x161.jpg 250w, https:\/\/www.giurgiuveanul.ro\/stiri\/wp-content\/uploads\/2016\/03\/IMG_7344-400x258.jpg 400w, https:\/\/www.giurgiuveanul.ro\/stiri\/wp-content\/uploads\/2016\/03\/IMG_7344.jpg 800w\" sizes=\"auto, (max-width: 560px) 100vw, 560px\" \/><\/a><\/p>\n<p style=\"text-align: justify;\">Potrivit primarului comunei Fr\u0103te\u015fti, Marian C\u0103r\u0103\u0163eanu, se ac\u0163ioneaz\u0103 sistematic pentru evacuarea gunoaielor din curtea familiei respective, a c\u0103rei principal\u0103 activitate este adunatul de\u015feurilor \u015fi depozitarea lor \u00een propria curte.<\/p>\n<p style=\"text-align: justify;\">Edilul-\u015fef sus\u0163ine c\u0103 a discutat cu proprietarul \u015fi c\u0103 l-ar fi convins ca \u00een cel mai scurt timp s\u0103 vin\u0103 cu o remorc\u0103 \u015fi oameni care efectueaz\u0103 munci \u00een folosul comunit\u0103\u0163i, pentru a debarasa tonele de gunoaie.<\/p>\n<p style=\"text-align: justify;\">Potrivit aceleia\u015fi surse, evacuarea gunoaielor din curtea gospod\u0103riei respective s-a mai f\u0103cut \u00een diverse r\u00e2nduri, \u00eens\u0103 locul a devenit \u00een timp un munte de gunoaie pentru c\u0103 proprietarul colecteaz\u0103 sistematic tot felul de de\u015feuri \u015fi obiecte.<\/p>\n<p style=\"text-align: justify;\">Facem \u015fi noi un apel c\u0103tre toate organele de control, cum ar fi Garda de Mediu, Direc\u0163ia de S\u0103n\u0103tate Public\u0103, s\u0103 ia m\u0103surile legale care se impun, chiar dac\u0103 vorbim de o proprietate privat\u0103. Pe \u00e2ng\u0103 faptul c\u0103 vecinii sunt exaspera\u0163i de mirosul pestilen\u0163ial din curtea familiei \u00een cauz\u0103 \u015fi de \u015fobolanii care au \u00eemp\u00e2nzit zona, locuin\u0163a cu pricina este pozi\u0163ionat\u0103 pe un drum na\u0163ional intens circulat iar imaginea pe care o creeaz\u0103 este de-a dreptul ur\u00e2t\u0103 \u015fi degradant\u0103.<\/p>\n<p style=\"text-align: justify;\"><a href=\"https:\/\/www.giurgiuveanul.ro\/stiri\/wp-content\/uploads\/2016\/03\/IMG_7337.jpg\"><img loading=\"lazy\" decoding=\"async\" class=\"aligncenter size-large wp-image-28183\" src=\"https:\/\/www.giurgiuveanul.ro\/stiri\/wp-content\/uploads\/2016\/03\/IMG_7337-560x353.jpg\" alt=\"IMG_7337\" width=\"560\" height=\"353\" srcset=\"https:\/\/www.giurgiuveanul.ro\/stiri\/wp-content\/uploads\/2016\/03\/IMG_7337-560x353.jpg 560w, https:\/\/www.giurgiuveanul.ro\/stiri\/wp-content\/uploads\/2016\/03\/IMG_7337-250x158.jpg 250w, https:\/\/www.giurgiuveanul.ro\/stiri\/wp-content\/uploads\/2016\/03\/IMG_7337-400x252.jpg 400w, https:\/\/www.giurgiuveanul.ro\/stiri\/wp-content\/uploads\/2016\/03\/IMG_7337.jpg 800w\" sizes=\"auto, (max-width: 560px) 100vw, 560px\" \/><\/a><\/p>\n","protected":false},"excerpt":{"rendered":"<p>Gospod\u0103ria<\/p>\n","protected":false},"author":2,"featured_media":0,"comment_status":"open","ping_status":"open","sticky":false,"template":"","format":"standard","meta":{"footnotes":""},"categories":[8],"tags":[],"class_list":["post-28180","post","type-post","status-publish","format-standard","hentry","category-alert-news"],"_links":{"self":[{"href":"https:\/\/www.giurgiuveanul.ro\/stiri\/wp-json\/wp\/v2\/posts\/28180","targetHints":{"allow":["GET"]}}],"collection":[{"href":"https:\/\/www.giurgiuveanul.ro\/stiri\/wp-json\/wp\/v2\/posts"}],"about":[{"href":"https:\/\/www.giurgiuveanul.ro\/stiri\/wp-json\/wp\/v2\/types\/post"}],"author":[{"embeddable":true,"href":"https:\/\/www.giurgiuveanul.ro\/stiri\/wp-json\/wp\/v2\/users\/2"}],"replies":[{"embeddable":true,"href":"https:\/\/www.giurgiuveanul.ro\/stiri\/wp-json\/wp\/v2\/comments?post=28180"}],"version-history":[{"count":0,"href":"https:\/\/www.giurgiuveanul.ro\/stiri\/wp-json\/wp\/v2\/posts\/28180\/revisions"}],"wp:attachment":[{"href":"https:\/\/www.giurgiuveanul.ro\/stiri\/wp-json\/wp\/v2\/media?parent=28180"}],"wp:term":[{"taxonomy":"category","embeddable":true,"href":"https:\/\/www.giurgiuveanul.ro\/stiri\/wp-json\/wp\/v2\/categories?post=28180"},{"taxonomy":"post_tag","embeddable":true,"href":"https:\/\/www.giurgiuveanul.ro\/stiri\/wp-json\/wp\/v2\/tags?post=28180"}],"curies":[{"name":"wp","href":"https:\/\/api.w.org\/{rel}","templated":true}]}}