{"id":28239,"date":"2016-03-21T11:40:13","date_gmt":"2016-03-21T09:40:13","guid":{"rendered":"https:\/\/www.giurgiuveanul.ro\/stiri\/?p=28239"},"modified":"2016-03-21T16:35:55","modified_gmt":"2016-03-21T14:35:55","slug":"ce-bolnavi-nu-mai-pot-face-ecograf-in-spitalul-judetean-de-urgenta-giurgiu","status":"publish","type":"post","link":"https:\/\/www.giurgiuveanul.ro\/stiri\/ce-bolnavi-nu-mai-pot-face-ecograf-in-spitalul-judetean-de-urgenta-giurgiu\/","title":{"rendered":"Ce bolnavi nu mai pot face ecografie \u00een Spitalul Jude\u0163ean de Urgen\u0163\u0103 Giurgiu"},"content":{"rendered":"<p style=\"text-align: justify;\"><strong><a href=\"https:\/\/www.giurgiuveanul.ro\/stiri\/wp-content\/uploads\/2016\/03\/Elena-Dinu1.jpg\"><img loading=\"lazy\" decoding=\"async\" class=\"aligncenter size-large wp-image-28240\" src=\"https:\/\/www.giurgiuveanul.ro\/stiri\/wp-content\/uploads\/2016\/03\/Elena-Dinu1-556x450.jpg\" alt=\"Elena Dinu\" width=\"556\" height=\"450\" srcset=\"https:\/\/www.giurgiuveanul.ro\/stiri\/wp-content\/uploads\/2016\/03\/Elena-Dinu1-556x450.jpg 556w, https:\/\/www.giurgiuveanul.ro\/stiri\/wp-content\/uploads\/2016\/03\/Elena-Dinu1-250x203.jpg 250w, https:\/\/www.giurgiuveanul.ro\/stiri\/wp-content\/uploads\/2016\/03\/Elena-Dinu1-400x324.jpg 400w, https:\/\/www.giurgiuveanul.ro\/stiri\/wp-content\/uploads\/2016\/03\/Elena-Dinu1.jpg 800w\" sizes=\"auto, (max-width: 556px) 100vw, 556px\" \/><\/a>Situa\u0163ie f\u0103r\u0103 precedent la Spitalul Jude\u0163ean Giurgiu. Unul dintre <!--more-->ecografele de care dispune aceast\u0103 unitate spitaliceasc\u0103 nu mai func\u0163ioneaz\u0103, ceea ce face ca bolnavii cu bilete de trimitere s\u0103 nu poat\u0103 fi investiga\u0163i. Este vorba de un aparat care s-a defectat, av\u00e2nd o vechime de peste 7 ani \u015fi un grad de uzur\u0103 ridicat.<\/strong><\/p>\n<p style=\"text-align: justify;\">Managerul Spitalului Jude\u0163ean de Urgen\u0163\u0103 Giurgiu, <strong>dr. Elena Cristina Dinu <\/strong><em>(foto)<\/em>, sus\u0163ine c\u0103 este vorba de un ecograf de la radiologie, care s-a defectat \u015fi ale c\u0103rui costuri de repara\u0163ie sunt foarte mari. Bolnavii interna\u0163i \u00een spital nu sunt afecta\u0163i, ci doar cei care au trimitere de la medic.<\/p>\n<p style=\"text-align: justify;\">\u201e<em>Ecografiile din spital se fac pe celelalte ecografe, avem unul mai nou \u015fi unul mai vechi, \u00eens\u0103 \u015fi acestea sunt destul de folosite. Doar bolnavii care au trimitere de la medic, este vorba de cei afla\u0163i \u00een contract cu CJAS, sunt afecta\u0163i, \u015fi asta deoarece avem dificult\u0103\u0163i financiare \u00een a-l repara. Se pune problema achizi\u0163ion\u0103rii unui ecograf nou, deoarece costurile necesare pentru repararea celui defect sunt mari\u201d<\/em>, a precizat managerul Spitalului Jude\u0163ean de Urgen\u0163\u0103 Giurgiu.<\/p>\n","protected":false},"excerpt":{"rendered":"<p>Situa\u0163ie f\u0103r\u0103 precedent la Spitalul Jude\u0163ean Giurgiu. Unul dintre<\/p>\n","protected":false},"author":2,"featured_media":0,"comment_status":"open","ping_status":"open","sticky":false,"template":"","format":"standard","meta":{"footnotes":""},"categories":[8],"tags":[],"class_list":["post-28239","post","type-post","status-publish","format-standard","hentry","category-alert-news"],"_links":{"self":[{"href":"https:\/\/www.giurgiuveanul.ro\/stiri\/wp-json\/wp\/v2\/posts\/28239","targetHints":{"allow":["GET"]}}],"collection":[{"href":"https:\/\/www.giurgiuveanul.ro\/stiri\/wp-json\/wp\/v2\/posts"}],"about":[{"href":"https:\/\/www.giurgiuveanul.ro\/stiri\/wp-json\/wp\/v2\/types\/post"}],"author":[{"embeddable":true,"href":"https:\/\/www.giurgiuveanul.ro\/stiri\/wp-json\/wp\/v2\/users\/2"}],"replies":[{"embeddable":true,"href":"https:\/\/www.giurgiuveanul.ro\/stiri\/wp-json\/wp\/v2\/comments?post=28239"}],"version-history":[{"count":0,"href":"https:\/\/www.giurgiuveanul.ro\/stiri\/wp-json\/wp\/v2\/posts\/28239\/revisions"}],"wp:attachment":[{"href":"https:\/\/www.giurgiuveanul.ro\/stiri\/wp-json\/wp\/v2\/media?parent=28239"}],"wp:term":[{"taxonomy":"category","embeddable":true,"href":"https:\/\/www.giurgiuveanul.ro\/stiri\/wp-json\/wp\/v2\/categories?post=28239"},{"taxonomy":"post_tag","embeddable":true,"href":"https:\/\/www.giurgiuveanul.ro\/stiri\/wp-json\/wp\/v2\/tags?post=28239"}],"curies":[{"name":"wp","href":"https:\/\/api.w.org\/{rel}","templated":true}]}}