{"id":28272,"date":"2016-03-22T15:33:13","date_gmt":"2016-03-22T13:33:13","guid":{"rendered":"https:\/\/www.giurgiuveanul.ro\/stiri\/?p=28272"},"modified":"2016-03-22T15:33:13","modified_gmt":"2016-03-22T13:33:13","slug":"giurgiuvean-disparut-de-acasa-de-aproape-doi-ani-gasit-la-braila","status":"publish","type":"post","link":"https:\/\/www.giurgiuveanul.ro\/stiri\/giurgiuvean-disparut-de-acasa-de-aproape-doi-ani-gasit-la-braila\/","title":{"rendered":"Giurgiuvean disp\u0103rut de acas\u0103 de aproape doi ani, g\u0103sit la Br\u0103ila"},"content":{"rendered":"<p style=\"text-align: justify;\"><strong><a href=\"https:\/\/www.giurgiuveanul.ro\/stiri\/wp-content\/uploads\/2016\/03\/masini-politie.jpg\"><img loading=\"lazy\" decoding=\"async\" class=\"aligncenter size-large wp-image-28273\" src=\"https:\/\/www.giurgiuveanul.ro\/stiri\/wp-content\/uploads\/2016\/03\/masini-politie-560x374.jpg\" alt=\"masini-politie\" width=\"560\" height=\"374\" srcset=\"https:\/\/www.giurgiuveanul.ro\/stiri\/wp-content\/uploads\/2016\/03\/masini-politie-560x374.jpg 560w, https:\/\/www.giurgiuveanul.ro\/stiri\/wp-content\/uploads\/2016\/03\/masini-politie-250x167.jpg 250w, https:\/\/www.giurgiuveanul.ro\/stiri\/wp-content\/uploads\/2016\/03\/masini-politie-400x267.jpg 400w, https:\/\/www.giurgiuveanul.ro\/stiri\/wp-content\/uploads\/2016\/03\/masini-politie.jpg 1000w\" sizes=\"auto, (max-width: 560px) 100vw, 560px\" \/><\/a>Un b\u0103rbat de <!--more-->35 de ani, disp\u0103rut de acas\u0103 din august 2014, a fost g\u0103sit teaf\u0103r \u015fi nev\u0103t\u0103mat \u00eentr-o localitate din jude\u0163ul Br\u0103ila.<\/strong><\/p>\n<p style=\"text-align: justify;\">\u00cengrijorat\u0103 de soarta acestuia, sora b\u0103rbatului a alertat autorit\u0103\u0163ile \u00een decembrie 2015. Ea a sesizat c\u0103\u00a0 b\u0103rbatul a plecat de acas\u0103 \u00een august 2014 \u015fi de atunci nu a mai dat niciun semn de via\u0163\u0103. \u00cen februarie 2016, b\u0103rbatul de 35 de ani a fost dat \u00een urm\u0103rire la nivel na\u0163ional.<\/p>\n<p style=\"text-align: justify;\">Zilele trecute, acesta a fost descoperit \u00eentr-o autoutilitar\u0103 ce transporta animale, pe un drum comunal, \u00eentre localit\u0103\u0163ile Corbu Nou \u015fi Corbu Vechi din jude\u0163ul Br\u0103ila.<\/p>\n<p style=\"text-align: justify;\">Duminic\u0103, 20 martie, poli\u0163i\u015fti din cadrul Sec\u0163iei 1 de Poli\u0163ie Rural\u0103 Br\u0103ila au oprit \u00een trafic, pe DC 1, \u00eentre localit\u0103\u0163ile Corbu Nou-Corbu Vechi, o autoutilitar\u0103 \u00een care se aflau dou\u0103 persoane. Poli\u0163i\u015ftii le-au identificat \u015fi au stabilit c\u0103 pasagerul se nume\u015fte Niculae Dinic\u0103 (35 de ani), domiciliat \u00een Palanca, jude\u0163ul Giurgiu, care era urm\u0103rit la nivel na\u0163ional, \u00eentruc\u00e2t disp\u0103ruse de la domiciliu \u00een condi\u0163ii necunoscute. Ace\u015ftia au luat leg\u0103tura cu poli\u0163i\u015ftii din cadrul Inspectoratului de Poli\u0163ie Jude\u0163ean Giurgiu, omul fiind predat familiei.<\/p>\n<p style=\"text-align: justify;\">B\u0103rbatul se pare c\u0103 face parte dintr-o familie dezorganizat\u0103 \u015fi ar fi plecat de acas\u0103 pentru a-\u015fi c\u0103uta de munc\u0103.<\/p>\n","protected":false},"excerpt":{"rendered":"<p>Un b\u0103rbat de<\/p>\n","protected":false},"author":2,"featured_media":0,"comment_status":"open","ping_status":"open","sticky":false,"template":"","format":"standard","meta":{"footnotes":""},"categories":[8],"tags":[],"class_list":["post-28272","post","type-post","status-publish","format-standard","hentry","category-alert-news"],"_links":{"self":[{"href":"https:\/\/www.giurgiuveanul.ro\/stiri\/wp-json\/wp\/v2\/posts\/28272","targetHints":{"allow":["GET"]}}],"collection":[{"href":"https:\/\/www.giurgiuveanul.ro\/stiri\/wp-json\/wp\/v2\/posts"}],"about":[{"href":"https:\/\/www.giurgiuveanul.ro\/stiri\/wp-json\/wp\/v2\/types\/post"}],"author":[{"embeddable":true,"href":"https:\/\/www.giurgiuveanul.ro\/stiri\/wp-json\/wp\/v2\/users\/2"}],"replies":[{"embeddable":true,"href":"https:\/\/www.giurgiuveanul.ro\/stiri\/wp-json\/wp\/v2\/comments?post=28272"}],"version-history":[{"count":0,"href":"https:\/\/www.giurgiuveanul.ro\/stiri\/wp-json\/wp\/v2\/posts\/28272\/revisions"}],"wp:attachment":[{"href":"https:\/\/www.giurgiuveanul.ro\/stiri\/wp-json\/wp\/v2\/media?parent=28272"}],"wp:term":[{"taxonomy":"category","embeddable":true,"href":"https:\/\/www.giurgiuveanul.ro\/stiri\/wp-json\/wp\/v2\/categories?post=28272"},{"taxonomy":"post_tag","embeddable":true,"href":"https:\/\/www.giurgiuveanul.ro\/stiri\/wp-json\/wp\/v2\/tags?post=28272"}],"curies":[{"name":"wp","href":"https:\/\/api.w.org\/{rel}","templated":true}]}}