{"id":28275,"date":"2016-03-22T18:17:29","date_gmt":"2016-03-22T16:17:29","guid":{"rendered":"https:\/\/www.giurgiuveanul.ro\/stiri\/?p=28275"},"modified":"2016-03-22T18:17:29","modified_gmt":"2016-03-22T16:17:29","slug":"interventie-cu-mascatii-in-penitenciarul-giurgiu","status":"publish","type":"post","link":"https:\/\/www.giurgiuveanul.ro\/stiri\/interventie-cu-mascatii-in-penitenciarul-giurgiu\/","title":{"rendered":"Interven\u0163ie cu masca\u0163ii \u00een Penitenciarul Giurgiu"},"content":{"rendered":"<p style=\"text-align: justify;\"><strong><a href=\"https:\/\/www.giurgiuveanul.ro\/stiri\/wp-content\/uploads\/2016\/03\/imagine.jpg\"><img loading=\"lazy\" decoding=\"async\" class=\"aligncenter size-large wp-image-28276\" src=\"https:\/\/www.giurgiuveanul.ro\/stiri\/wp-content\/uploads\/2016\/03\/imagine-560x420.jpg\" alt=\"imagine\" width=\"560\" height=\"420\" srcset=\"https:\/\/www.giurgiuveanul.ro\/stiri\/wp-content\/uploads\/2016\/03\/imagine-560x420.jpg 560w, https:\/\/www.giurgiuveanul.ro\/stiri\/wp-content\/uploads\/2016\/03\/imagine-250x188.jpg 250w, https:\/\/www.giurgiuveanul.ro\/stiri\/wp-content\/uploads\/2016\/03\/imagine-400x300.jpg 400w, https:\/\/www.giurgiuveanul.ro\/stiri\/wp-content\/uploads\/2016\/03\/imagine.jpg 620w\" sizes=\"auto, (max-width: 560px) 100vw, 560px\" \/><\/a>Un incident s-a produs \u00een aceast\u0103 diminea\u0163\u0103 \u00een Penitenciarul Giurgiu. Un de\u0163inut care a <!--more-->refuzat s\u0103 intre \u00een celul\u0103 a tulburat programul Sec\u0163iei Penale, fiind nevoie de interven\u0163ia masca\u0163ilor pentru introducerea sa \u00een camera de deten\u0163ie, a declarat comisarul Bogdan Ro\u015fu, purt\u0103torul de cuv\u00e2nt al institu\u0163iei.<\/strong><\/p>\n<p style=\"text-align: justify;\">\u00centruc\u00e2t la un post de televiziune au ap\u0103rut informa\u0163ii cum c\u0103 s-ar fi exercitat acte de violen\u0163\u0103 la adresa sa, reprezentantul Penitenciarului Giurgiu a \u0163inut s\u0103 dezmint\u0103 aceast\u0103 informa\u0163ie. \u201eA fost doar somat \u015fi introdus \u00een camera de deten\u0163ie. Nu au fost exercitate acte de violen\u0163\u0103 asupra sa\u201d, a precizat Ro\u015fu.<\/p>\n<p style=\"text-align: justify;\">\u00cen Penitenciarul Giurgiu exist\u0103 un program riguros \u015fi activit\u0103\u0163i planificate care trebuie respectate, sus\u0163ine purt\u0103torul de cuv\u00e2nt al institu\u0163iei.<\/p>\n<p style=\"text-align: justify;\">Potrivit Rom\u00e2nia TV, de\u0163inutul execut\u0103 \u015fase ani \u015fi opt luni de \u00eenchisoare, dup\u0103 ce, \u00een 2011, a furat aproape 23 de kilograme de bijuterii dintr-o ma\u015fin\u0103 care se deplasa pe autostrada A1, Bucure\u015fti &#8211; Pite\u015fti.<\/p>\n","protected":false},"excerpt":{"rendered":"<p>Un incident s-a produs \u00een aceast\u0103 diminea\u0163\u0103 \u00een Penitenciarul Giurgiu. Un de\u0163inut care a<\/p>\n","protected":false},"author":2,"featured_media":0,"comment_status":"open","ping_status":"open","sticky":false,"template":"","format":"standard","meta":{"footnotes":""},"categories":[8],"tags":[],"class_list":["post-28275","post","type-post","status-publish","format-standard","hentry","category-alert-news"],"_links":{"self":[{"href":"https:\/\/www.giurgiuveanul.ro\/stiri\/wp-json\/wp\/v2\/posts\/28275","targetHints":{"allow":["GET"]}}],"collection":[{"href":"https:\/\/www.giurgiuveanul.ro\/stiri\/wp-json\/wp\/v2\/posts"}],"about":[{"href":"https:\/\/www.giurgiuveanul.ro\/stiri\/wp-json\/wp\/v2\/types\/post"}],"author":[{"embeddable":true,"href":"https:\/\/www.giurgiuveanul.ro\/stiri\/wp-json\/wp\/v2\/users\/2"}],"replies":[{"embeddable":true,"href":"https:\/\/www.giurgiuveanul.ro\/stiri\/wp-json\/wp\/v2\/comments?post=28275"}],"version-history":[{"count":0,"href":"https:\/\/www.giurgiuveanul.ro\/stiri\/wp-json\/wp\/v2\/posts\/28275\/revisions"}],"wp:attachment":[{"href":"https:\/\/www.giurgiuveanul.ro\/stiri\/wp-json\/wp\/v2\/media?parent=28275"}],"wp:term":[{"taxonomy":"category","embeddable":true,"href":"https:\/\/www.giurgiuveanul.ro\/stiri\/wp-json\/wp\/v2\/categories?post=28275"},{"taxonomy":"post_tag","embeddable":true,"href":"https:\/\/www.giurgiuveanul.ro\/stiri\/wp-json\/wp\/v2\/tags?post=28275"}],"curies":[{"name":"wp","href":"https:\/\/api.w.org\/{rel}","templated":true}]}}