{"id":283,"date":"2012-10-28T19:32:12","date_gmt":"2012-10-28T17:32:12","guid":{"rendered":"https:\/\/www.giurgiuveanul.ro\/stiri\/?p=283"},"modified":"2012-10-28T19:36:51","modified_gmt":"2012-10-28T17:36:51","slug":"noi-amanunte-despre-pompierul-giurgiuvean-mort-in-accident","status":"publish","type":"post","link":"https:\/\/www.giurgiuveanul.ro\/stiri\/noi-amanunte-despre-pompierul-giurgiuvean-mort-in-accident\/","title":{"rendered":"Noi am\u0103nunte despre pompierul giurgiuvean mort \u00een accident"},"content":{"rendered":"<p style=\"text-align: justify;\"><strong><a href=\"https:\/\/www.giurgiuveanul.ro\/stiri\/wp-content\/uploads\/2012\/10\/Plt.-Zlotea-Valentin1.jpg\"><img loading=\"lazy\" decoding=\"async\" class=\"alignright size-medium wp-image-288\" title=\"Plt. Zlotea Valentin\" src=\"https:\/\/www.giurgiuveanul.ro\/stiri\/wp-content\/uploads\/2012\/10\/Plt.-Zlotea-Valentin1-242x300.jpg\" alt=\"\" width=\"242\" height=\"300\" srcset=\"https:\/\/www.giurgiuveanul.ro\/stiri\/wp-content\/uploads\/2012\/10\/Plt.-Zlotea-Valentin1-242x300.jpg 242w, https:\/\/www.giurgiuveanul.ro\/stiri\/wp-content\/uploads\/2012\/10\/Plt.-Zlotea-Valentin1.jpg 255w\" sizes=\"auto, (max-width: 242px) 100vw, 242px\" \/><\/a>O nou\u0103 tragedie rutier\u0103 a avut loc \u00een urm\u0103 cu pu\u0163in timp \u00een jude\u0163ul Giurgiu. Un accident grav de circula\u0163ie s-a petrecut ast\u0103zi, 28 octombrie 2012, \u00een jurul orei 17.41, \u00een localitatea Plop\u015foru.<\/strong><\/p>\n<p style=\"text-align: justify;\">Valentin Zlotea, \u00een v\u00e2rst\u0103 de 30 de ani, din Giurgiu, \u015fi-a pierdut via\u0163a dup\u0103 ce s-a r\u0103sturnat cu Dacia Logan \u00eentr-un \u015fan\u0163. T\u00e2n\u0103rul era pompier \u015fi lucra la Garda din G\u0103ujani. Potrivit poli\u0163i\u015ftilor, subofi\u021berul, care se afla singur \u00een ma\u015fin\u0103, a pierdut controlul asupra volanului deoarece nu a adaptat viteza \u00eentr-o curb\u0103, intr\u00e2nd cu\u00a0 ma\u015fina \u00een \u015fan\u0163 \u015fi r\u0103sturn\u00e2ndu-se.<\/p>\n<p style=\"text-align: justify;\">Accidentul s-a produs \u00een zona parc\u0103rii din Plop\u015foru, iar \u015foferul a murit pe loc. La fa\u0163a locului s-au deplasat descarcerarea, ambulan\u0163a, dar \u015fi reprezentan\u0163ii Poli\u0163iei Rutiere. Din nefericire, pompierul nu mai prezenta semne vitale \u015fi nu a mai putut fi salvat.<\/p>\n","protected":false},"excerpt":{"rendered":"<p>O nou\u0103 tragedie rutier\u0103 a avut loc \u00een urm\u0103 cu pu\u0163in timp \u00een jude\u0163ul Giurgiu. Un accident grav de circula\u0163ie s-a petrecut ast\u0103zi, 28 octombrie 2012, \u00een jurul orei 17.41, \u00een localitatea Plop\u015foru. Valentin Zlotea, \u00een v\u00e2rst\u0103 de 30 de ani, din Giurgiu, \u015fi-a pierdut via\u0163a dup\u0103 ce s-a r\u0103sturnat cu Dacia Logan \u00eentr-un \u015fan\u0163. [&hellip;]<\/p>\n","protected":false},"author":2,"featured_media":0,"comment_status":"open","ping_status":"open","sticky":false,"template":"","format":"standard","meta":{"footnotes":""},"categories":[14],"tags":[],"class_list":["post-283","post","type-post","status-publish","format-standard","hentry","category-la-inchiderea-editiei"],"_links":{"self":[{"href":"https:\/\/www.giurgiuveanul.ro\/stiri\/wp-json\/wp\/v2\/posts\/283","targetHints":{"allow":["GET"]}}],"collection":[{"href":"https:\/\/www.giurgiuveanul.ro\/stiri\/wp-json\/wp\/v2\/posts"}],"about":[{"href":"https:\/\/www.giurgiuveanul.ro\/stiri\/wp-json\/wp\/v2\/types\/post"}],"author":[{"embeddable":true,"href":"https:\/\/www.giurgiuveanul.ro\/stiri\/wp-json\/wp\/v2\/users\/2"}],"replies":[{"embeddable":true,"href":"https:\/\/www.giurgiuveanul.ro\/stiri\/wp-json\/wp\/v2\/comments?post=283"}],"version-history":[{"count":0,"href":"https:\/\/www.giurgiuveanul.ro\/stiri\/wp-json\/wp\/v2\/posts\/283\/revisions"}],"wp:attachment":[{"href":"https:\/\/www.giurgiuveanul.ro\/stiri\/wp-json\/wp\/v2\/media?parent=283"}],"wp:term":[{"taxonomy":"category","embeddable":true,"href":"https:\/\/www.giurgiuveanul.ro\/stiri\/wp-json\/wp\/v2\/categories?post=283"},{"taxonomy":"post_tag","embeddable":true,"href":"https:\/\/www.giurgiuveanul.ro\/stiri\/wp-json\/wp\/v2\/tags?post=283"}],"curies":[{"name":"wp","href":"https:\/\/api.w.org\/{rel}","templated":true}]}}