{"id":28424,"date":"2016-03-29T16:34:03","date_gmt":"2016-03-29T13:34:03","guid":{"rendered":"https:\/\/www.giurgiuveanul.ro\/stiri\/?p=28424"},"modified":"2016-03-29T16:34:03","modified_gmt":"2016-03-29T13:34:03","slug":"mascatii-au-descins-in-comuna-calugareni","status":"publish","type":"post","link":"https:\/\/www.giurgiuveanul.ro\/stiri\/mascatii-au-descins-in-comuna-calugareni\/","title":{"rendered":"Masca\u0163ii au descins \u00een comuna C\u0103lug\u0103reni"},"content":{"rendered":"<p style=\"text-align: justify;\"><strong><a href=\"https:\/\/www.giurgiuveanul.ro\/stiri\/wp-content\/uploads\/2016\/03\/perchezitii138195930813946103511-1441285405.jpg\"><img loading=\"lazy\" decoding=\"async\" class=\"aligncenter size-large wp-image-28425\" src=\"https:\/\/www.giurgiuveanul.ro\/stiri\/wp-content\/uploads\/2016\/03\/perchezitii138195930813946103511-1441285405-560x322.jpg\" alt=\"perchezitii138195930813946103511-1441285405\" width=\"560\" height=\"322\" srcset=\"https:\/\/www.giurgiuveanul.ro\/stiri\/wp-content\/uploads\/2016\/03\/perchezitii138195930813946103511-1441285405-560x322.jpg 560w, https:\/\/www.giurgiuveanul.ro\/stiri\/wp-content\/uploads\/2016\/03\/perchezitii138195930813946103511-1441285405-250x144.jpg 250w, https:\/\/www.giurgiuveanul.ro\/stiri\/wp-content\/uploads\/2016\/03\/perchezitii138195930813946103511-1441285405-400x230.jpg 400w, https:\/\/www.giurgiuveanul.ro\/stiri\/wp-content\/uploads\/2016\/03\/perchezitii138195930813946103511-1441285405.jpg 660w\" sizes=\"auto, (max-width: 560px) 100vw, 560px\" \/><\/a>Ast\u0103zi, poli\u0163i\u015ftii Direc\u0163iei de Investigare a Criminalit\u0103\u0163ii Economice, sub coordonarea PICCJ, cu sprijinul Serviciului pentru Interven\u0163ii \u015fi Ac\u0163iuni Speciale au <!--more-->descins, potrivit unor surse din cadrul anchetei, la dou\u0103 adrese din localitatea Hulube\u015fti, comuna C\u0103lug\u0103reni, la suspec\u0163i \u00eentr-un dosar privind \u00eenregistrarea unor opera\u0163iuni fictive de reciclare a de\u015feurilor de ambalaje.<\/strong><\/p>\n<p style=\"text-align: justify;\">Poli\u0163i\u015ftii au efectuat patru perchezi\u0163ii, ast\u0103zi, dintre care dou\u0103 \u00een Bucure\u015fti \u015fi dou\u0103 \u00een jude\u0163ul Giurgiu, la reprezentan\u0163ii unor firme suspecta\u0163i c\u0103 au produs Fondului de mediu un prejudiciu de peste 37 de milioane de euro prin \u00eenregistrarea unor opera\u0163iuni fictive de reciclare a de\u015feurilor de ambalaje.<\/p>\n<p style=\"text-align: justify;\">Anchetatorii au stabilit c\u0103, \u00een anul 2014, una dintre societ\u0103\u0163ile vizate ar fi \u00eenregistrat opera\u0163iuni fictive de achizi\u0163ie \u015fi reciclare a 113.131.060 de kilograme de de\u015feuri de ambalaje.<\/p>\n<p style=\"text-align: justify;\"><em>\u201eAmbalajele respective ar fi fost raportate la 6 operatori economici licen\u0163ia\u0163i \u00een vederea prelu\u0103rii obliga\u0163iilor privind realizarea obiectivelor anuale minime de \u00eendeplinit de firmele ce au introdus pe pia\u0163a na\u0163ional\u0103 bunuri ambalate \u015fi ambalaje de desfacere&#8221;<\/em>, a precizat Poli\u0163ia Rom\u00e2n\u0103.<\/p>\n<p style=\"text-align: justify;\">Prin \u00eenregistrarea documentelor ce atest\u0103 opera\u0163iuni fictive de reciclare a de\u015feurilor de ambalaje, primite de la aceast\u0103 societate, cei \u015fase operatori licen\u0163ia\u0163i ar fi declarat, \u00een anul 2014, \u00een mod nereal, \u00eendeplinirea obiectivelor minime prev\u0103zute \u00een anexa nr. 3 la OUG 196\/2005 privind Fondul pentru mediu. Prin neplata obliga\u0163iilor fiscale c\u0103tre Fondul pentru mediu s-ar fi produs un prejudiciu de 167.938.548 de lei (peste 37 de milioane de euro).<\/p>\n<p style=\"text-align: justify;\">De asemenea, prin eviden\u0163ierea \u00een actele contabile ale societ\u0103\u0163ii reciclatoare \u015fi ale celor \u015fase operatori licen\u0163ia\u0163i c\u0103rora aceast\u0103 societate le-ar fi emis facturi de prest\u0103ri servicii, \u00een anul 2014, de cheltuieli ce nu au la baz\u0103 opera\u0163iuni reale ori prin eviden\u0163ierea de opera\u0163iuni fictive, s-ar fi produs un prejudiciu bugetului de stat de 4.292.469 de lei (peste 947.000 de euro), reprezent\u00e2nd taxa pe valoare ad\u0103ugat\u0103 \u015fi impozit pe profit. Pentru \u015fase dintre suspec\u0163i au fost emise mandate de aducere.<\/p>\n","protected":false},"excerpt":{"rendered":"<p>Ast\u0103zi, poli\u0163i\u015ftii Direc\u0163iei de Investigare a Criminalit\u0103\u0163ii Economice, sub coordonarea PICCJ, cu sprijinul Serviciului pentru Interven\u0163ii \u015fi Ac\u0163iuni Speciale au<\/p>\n","protected":false},"author":2,"featured_media":0,"comment_status":"open","ping_status":"open","sticky":false,"template":"","format":"standard","meta":{"footnotes":""},"categories":[8],"tags":[],"class_list":["post-28424","post","type-post","status-publish","format-standard","hentry","category-alert-news"],"_links":{"self":[{"href":"https:\/\/www.giurgiuveanul.ro\/stiri\/wp-json\/wp\/v2\/posts\/28424","targetHints":{"allow":["GET"]}}],"collection":[{"href":"https:\/\/www.giurgiuveanul.ro\/stiri\/wp-json\/wp\/v2\/posts"}],"about":[{"href":"https:\/\/www.giurgiuveanul.ro\/stiri\/wp-json\/wp\/v2\/types\/post"}],"author":[{"embeddable":true,"href":"https:\/\/www.giurgiuveanul.ro\/stiri\/wp-json\/wp\/v2\/users\/2"}],"replies":[{"embeddable":true,"href":"https:\/\/www.giurgiuveanul.ro\/stiri\/wp-json\/wp\/v2\/comments?post=28424"}],"version-history":[{"count":0,"href":"https:\/\/www.giurgiuveanul.ro\/stiri\/wp-json\/wp\/v2\/posts\/28424\/revisions"}],"wp:attachment":[{"href":"https:\/\/www.giurgiuveanul.ro\/stiri\/wp-json\/wp\/v2\/media?parent=28424"}],"wp:term":[{"taxonomy":"category","embeddable":true,"href":"https:\/\/www.giurgiuveanul.ro\/stiri\/wp-json\/wp\/v2\/categories?post=28424"},{"taxonomy":"post_tag","embeddable":true,"href":"https:\/\/www.giurgiuveanul.ro\/stiri\/wp-json\/wp\/v2\/tags?post=28424"}],"curies":[{"name":"wp","href":"https:\/\/api.w.org\/{rel}","templated":true}]}}