{"id":28517,"date":"2016-04-01T14:13:50","date_gmt":"2016-04-01T11:13:50","guid":{"rendered":"https:\/\/www.giurgiuveanul.ro\/stiri\/?p=28517"},"modified":"2016-04-01T14:13:50","modified_gmt":"2016-04-01T11:13:50","slug":"barbat-in-stare-grava-dupa-incendiul-de-la-istru-transportat-cu-elicopterul-smurd","status":"publish","type":"post","link":"https:\/\/www.giurgiuveanul.ro\/stiri\/barbat-in-stare-grava-dupa-incendiul-de-la-istru-transportat-cu-elicopterul-smurd\/","title":{"rendered":"B\u0103rbat \u00een stare grav\u0103 dup\u0103 incendiul de la Istru, transportat cu elicopterul SMURD"},"content":{"rendered":"<p style=\"text-align: justify;\"><a href=\"https:\/\/www.giurgiuveanul.ro\/stiri\/wp-content\/uploads\/2016\/04\/elicopter_SMURD.jpg\"><img loading=\"lazy\" decoding=\"async\" class=\"aligncenter size-large wp-image-28518\" src=\"https:\/\/www.giurgiuveanul.ro\/stiri\/wp-content\/uploads\/2016\/04\/elicopter_SMURD-560x373.jpg\" alt=\"elicopter_SMURD\" width=\"560\" height=\"373\" srcset=\"https:\/\/www.giurgiuveanul.ro\/stiri\/wp-content\/uploads\/2016\/04\/elicopter_SMURD-560x373.jpg 560w, https:\/\/www.giurgiuveanul.ro\/stiri\/wp-content\/uploads\/2016\/04\/elicopter_SMURD-250x166.jpg 250w, https:\/\/www.giurgiuveanul.ro\/stiri\/wp-content\/uploads\/2016\/04\/elicopter_SMURD-400x266.jpg 400w, https:\/\/www.giurgiuveanul.ro\/stiri\/wp-content\/uploads\/2016\/04\/elicopter_SMURD.jpg 960w\" sizes=\"auto, (max-width: 560px) 100vw, 560px\" \/><\/a>Un b\u0103rbat de 32 de ani, care a <!--more-->suferit arsuri de c\u0103i respiratorii \u00een incendiul din cartierul Istru, a fost transportat la un spital din Bucure\u015fti cu elicopterul SMURD, care a aterizat \u00een zona V\u0103mii Giurgiu. El fusese preluat de o ambulan\u0163\u0103 SAJ \u00eens\u0103, \u00eentruc\u00e2t era \u00eentr-o stare grav\u0103, cei de la Ambulan\u0163\u0103 au solicitat interven\u0163ia elicopterului SMURD.<\/p>\n<p style=\"text-align: justify;\">Reamintim c\u0103 un incendiu s-a produs \u00een aceast\u0103 diminea\u0163\u0103 \u00een cartierul Istru, din Giurgiu, zeci de persoane fiind evacuate.<\/p>\n","protected":false},"excerpt":{"rendered":"<p>Un b\u0103rbat de 32 de ani, care a<\/p>\n","protected":false},"author":2,"featured_media":0,"comment_status":"open","ping_status":"open","sticky":false,"template":"","format":"standard","meta":{"footnotes":""},"categories":[8],"tags":[],"class_list":["post-28517","post","type-post","status-publish","format-standard","hentry","category-alert-news"],"_links":{"self":[{"href":"https:\/\/www.giurgiuveanul.ro\/stiri\/wp-json\/wp\/v2\/posts\/28517","targetHints":{"allow":["GET"]}}],"collection":[{"href":"https:\/\/www.giurgiuveanul.ro\/stiri\/wp-json\/wp\/v2\/posts"}],"about":[{"href":"https:\/\/www.giurgiuveanul.ro\/stiri\/wp-json\/wp\/v2\/types\/post"}],"author":[{"embeddable":true,"href":"https:\/\/www.giurgiuveanul.ro\/stiri\/wp-json\/wp\/v2\/users\/2"}],"replies":[{"embeddable":true,"href":"https:\/\/www.giurgiuveanul.ro\/stiri\/wp-json\/wp\/v2\/comments?post=28517"}],"version-history":[{"count":0,"href":"https:\/\/www.giurgiuveanul.ro\/stiri\/wp-json\/wp\/v2\/posts\/28517\/revisions"}],"wp:attachment":[{"href":"https:\/\/www.giurgiuveanul.ro\/stiri\/wp-json\/wp\/v2\/media?parent=28517"}],"wp:term":[{"taxonomy":"category","embeddable":true,"href":"https:\/\/www.giurgiuveanul.ro\/stiri\/wp-json\/wp\/v2\/categories?post=28517"},{"taxonomy":"post_tag","embeddable":true,"href":"https:\/\/www.giurgiuveanul.ro\/stiri\/wp-json\/wp\/v2\/tags?post=28517"}],"curies":[{"name":"wp","href":"https:\/\/api.w.org\/{rel}","templated":true}]}}