{"id":28588,"date":"2016-04-05T08:27:22","date_gmt":"2016-04-05T05:27:22","guid":{"rendered":"https:\/\/www.giurgiuveanul.ro\/stiri\/?p=28588"},"modified":"2016-04-05T08:27:22","modified_gmt":"2016-04-05T05:27:22","slug":"inca-hot-capturat-de-politistii-giurgiuveni","status":"publish","type":"post","link":"https:\/\/www.giurgiuveanul.ro\/stiri\/inca-hot-capturat-de-politistii-giurgiuveni\/","title":{"rendered":"\u00cenc\u0103 un ho\u0163&#8230; capturat de poli\u0163i\u015ftii giurgiuveni"},"content":{"rendered":"<p style=\"text-align: justify;\"><a href=\"https:\/\/www.giurgiuveanul.ro\/stiri\/wp-content\/uploads\/2016\/04\/incatusat.jpg\"><img loading=\"lazy\" decoding=\"async\" class=\"aligncenter size-large wp-image-28589\" src=\"https:\/\/www.giurgiuveanul.ro\/stiri\/wp-content\/uploads\/2016\/04\/incatusat-560x376.jpg\" alt=\"DAN IOAN PARVAN - ARESTAT PREVENTIV - TIMISOARA\" width=\"560\" height=\"376\" srcset=\"https:\/\/www.giurgiuveanul.ro\/stiri\/wp-content\/uploads\/2016\/04\/incatusat-560x376.jpg 560w, https:\/\/www.giurgiuveanul.ro\/stiri\/wp-content\/uploads\/2016\/04\/incatusat-250x168.jpg 250w, https:\/\/www.giurgiuveanul.ro\/stiri\/wp-content\/uploads\/2016\/04\/incatusat-400x269.jpg 400w, https:\/\/www.giurgiuveanul.ro\/stiri\/wp-content\/uploads\/2016\/04\/incatusat.jpg 1110w\" sizes=\"auto, (max-width: 560px) 100vw, 560px\" \/><\/a>Poli\u021bi\u0219tii Compartimentului Urm\u0103riri, din cadrul Serviciului de Investiga\u021bii Criminale, \u00eempreun\u0103 cu poli\u021bi\u0219ti din cadrul <!--more-->Postului de Poli\u021bie Buc\u0219ani \u2013 Sec\u021bia nr. 8 de Poli\u021bie Rural\u0103 Roata de Jos au organizat \u0219i desf\u0103\u0219urat o ac\u021biune specific\u0103 \u00een comuna Buc\u0219ani, jude\u021bul Giurgiu, pe linia identific\u0103rii persoanelor urm\u0103rite \u00een temeiul legii.<\/p>\n<p style=\"text-align: justify;\">Cu ocazia activit\u0103\u021bilor desf\u0103\u0219urate a fost depistat \u0219i re\u021binut P.G., un b\u0103rbat de 40 ani, din comuna Buc\u0219ani, satul Goleasca, pe numele c\u0103ruia Judec\u0103toria Pite\u0219ti a emis Mandat de executare a pedepsei cu \u00eenchisoarea, fiind condamnat la trei ani \u00eenchisoare pentru s\u0103v\u00e2r\u0219irea infrac\u021biunii de furt calificat.<\/p>\n<p style=\"text-align: justify;\">Persoana depistat\u0103 a fost condus\u0103 la sediul I.P.J. Giurgiu &#8211; Serviciul de Investiga\u021bii Criminale pentru \u00eentocmirea documentelor necesare \u00eencarcer\u0103rii \u0219i ulterior\u00a0 depus\u0103 la Penitenciarul Giurgiu.<\/p>\n","protected":false},"excerpt":{"rendered":"<p>Poli\u021bi\u0219tii Compartimentului Urm\u0103riri, din cadrul Serviciului de Investiga\u021bii Criminale, \u00eempreun\u0103 cu poli\u021bi\u0219ti din cadrul<\/p>\n","protected":false},"author":2,"featured_media":0,"comment_status":"open","ping_status":"open","sticky":false,"template":"","format":"standard","meta":{"footnotes":""},"categories":[8],"tags":[],"class_list":["post-28588","post","type-post","status-publish","format-standard","hentry","category-alert-news"],"_links":{"self":[{"href":"https:\/\/www.giurgiuveanul.ro\/stiri\/wp-json\/wp\/v2\/posts\/28588","targetHints":{"allow":["GET"]}}],"collection":[{"href":"https:\/\/www.giurgiuveanul.ro\/stiri\/wp-json\/wp\/v2\/posts"}],"about":[{"href":"https:\/\/www.giurgiuveanul.ro\/stiri\/wp-json\/wp\/v2\/types\/post"}],"author":[{"embeddable":true,"href":"https:\/\/www.giurgiuveanul.ro\/stiri\/wp-json\/wp\/v2\/users\/2"}],"replies":[{"embeddable":true,"href":"https:\/\/www.giurgiuveanul.ro\/stiri\/wp-json\/wp\/v2\/comments?post=28588"}],"version-history":[{"count":0,"href":"https:\/\/www.giurgiuveanul.ro\/stiri\/wp-json\/wp\/v2\/posts\/28588\/revisions"}],"wp:attachment":[{"href":"https:\/\/www.giurgiuveanul.ro\/stiri\/wp-json\/wp\/v2\/media?parent=28588"}],"wp:term":[{"taxonomy":"category","embeddable":true,"href":"https:\/\/www.giurgiuveanul.ro\/stiri\/wp-json\/wp\/v2\/categories?post=28588"},{"taxonomy":"post_tag","embeddable":true,"href":"https:\/\/www.giurgiuveanul.ro\/stiri\/wp-json\/wp\/v2\/tags?post=28588"}],"curies":[{"name":"wp","href":"https:\/\/api.w.org\/{rel}","templated":true}]}}