{"id":28635,"date":"2016-04-07T10:34:21","date_gmt":"2016-04-07T07:34:21","guid":{"rendered":"https:\/\/www.giurgiuveanul.ro\/stiri\/?p=28635"},"modified":"2016-04-07T10:34:21","modified_gmt":"2016-04-07T07:34:21","slug":"soferii-giurgiuveni-amendati-si-daca-fumeaza-in-masina-de-serviciu","status":"publish","type":"post","link":"https:\/\/www.giurgiuveanul.ro\/stiri\/soferii-giurgiuveni-amendati-si-daca-fumeaza-in-masina-de-serviciu\/","title":{"rendered":"\u015eoferii giurgiuveni, amenda\u0163i \u015fi dac\u0103 fumeaz\u0103 \u00een ma\u015fina de serviciu!"},"content":{"rendered":"<p style=\"text-align: justify;\"><strong><a href=\"https:\/\/www.giurgiuveanul.ro\/stiri\/wp-content\/uploads\/2016\/04\/fumatul-in-masina.jpg\"><img loading=\"lazy\" decoding=\"async\" class=\"aligncenter size-large wp-image-28636\" src=\"https:\/\/www.giurgiuveanul.ro\/stiri\/wp-content\/uploads\/2016\/04\/fumatul-in-masina-560x420.jpg\" alt=\"fumatul-in-masina\" width=\"560\" height=\"420\" srcset=\"https:\/\/www.giurgiuveanul.ro\/stiri\/wp-content\/uploads\/2016\/04\/fumatul-in-masina-560x420.jpg 560w, https:\/\/www.giurgiuveanul.ro\/stiri\/wp-content\/uploads\/2016\/04\/fumatul-in-masina-250x188.jpg 250w, https:\/\/www.giurgiuveanul.ro\/stiri\/wp-content\/uploads\/2016\/04\/fumatul-in-masina-400x300.jpg 400w, https:\/\/www.giurgiuveanul.ro\/stiri\/wp-content\/uploads\/2016\/04\/fumatul-in-masina.jpg 800w\" sizes=\"auto, (max-width: 560px) 100vw, 560px\" \/><\/a>Legea 349\/2002, cunoscut\u0103 drept legea antifumat, scoate la iveal\u0103 <!--more-->o serie de ambiguit\u0103\u0163i. Ca dovad\u0103, la nici o lun\u0103 de la intrarea \u00een vigoare a legii, senatorii vin cu o serie de amendamente prin care vor s\u0103 schimbe legea antifumat.<\/strong><\/p>\n<p style=\"text-align: justify;\">Potrivit legii, ma\u015fina de serviciu este considerat\u0103 \u201eloc de munc\u0103\u201d \u015fi, prin urmare, fumatul este interzis. Aceea\u015fi regul\u0103 se aplic\u0103 \u015fi \u00een cazul taxiurilor, a microbuzelor sau transportului \u00een comun. \u015eoferii firmelor private spun c\u0103 este nedrept s\u0103 \u00eei vad\u0103 pe al\u0163ii \u00een ma\u015fini c\u0103 fumeaz\u0103 \u015fi ei s\u0103 nu-\u015fi poat\u0103 aprind\u0103 o \u0163igar\u0103 de frica de a nu fi amenda\u0163i. P\u00e2n\u0103 acum, cei de la Poli\u0163ia Local\u0103 Giurgiu nu au aplicat san\u0163iuni pentru fumatul \u00een ma\u015finile de serviciu.<\/p>\n<p style=\"text-align: justify;\">\n<p style=\"text-align: justify;\"><strong>Sta\u0163iile de autobuz, spa\u0163ii \u00eenchise<\/strong><\/p>\n<p style=\"text-align: justify;\">\n<p style=\"text-align: justify;\">Nici pasagerii care a\u015fteapt\u0103 \u00een sta\u0163ii nu pot fuma. De\u015fi se afl\u0103 \u00een aer liber, copertin\u0103 \u015fi cei trei pere\u0163i, acesta se consider\u0103 spa\u0163iu \u00eenchis.\u00a0Potrivit legii antifumat \u00een vigoare, spa\u0163iul \u00eenchis este definit acela care are un acoperi\u015f, plafon sau tavan \u015fi care este delimitat de cel pu\u0163in doi pere\u0163i, indiferent de natura acestora sau de caracterul temporar, ori permanent. \u00cen cazul \u015foferilor, locul pere\u0163ilor din aceast\u0103 lege a fost luat de u\u015file autoturismului. Legea antifumat, prin care se interzice complet fumatul \u00een toate spa\u0163iile \u00eenchise, \u00een spa\u0163iile \u00eenchise de la locul de munc\u0103, \u00een locurile de joac\u0103 pentru copii, \u00een unit\u0103\u0163i sanitare, precum \u015fi \u00een cele de \u00eenv\u0103\u0163\u0103m\u00e2nt, a intrat \u00een vigoare pe 17 martie 2016.<\/p>\n","protected":false},"excerpt":{"rendered":"<p>Legea 349\/2002, cunoscut\u0103 drept legea antifumat, scoate la iveal\u0103<\/p>\n","protected":false},"author":2,"featured_media":0,"comment_status":"open","ping_status":"open","sticky":false,"template":"","format":"standard","meta":{"footnotes":""},"categories":[8],"tags":[],"class_list":["post-28635","post","type-post","status-publish","format-standard","hentry","category-alert-news"],"_links":{"self":[{"href":"https:\/\/www.giurgiuveanul.ro\/stiri\/wp-json\/wp\/v2\/posts\/28635","targetHints":{"allow":["GET"]}}],"collection":[{"href":"https:\/\/www.giurgiuveanul.ro\/stiri\/wp-json\/wp\/v2\/posts"}],"about":[{"href":"https:\/\/www.giurgiuveanul.ro\/stiri\/wp-json\/wp\/v2\/types\/post"}],"author":[{"embeddable":true,"href":"https:\/\/www.giurgiuveanul.ro\/stiri\/wp-json\/wp\/v2\/users\/2"}],"replies":[{"embeddable":true,"href":"https:\/\/www.giurgiuveanul.ro\/stiri\/wp-json\/wp\/v2\/comments?post=28635"}],"version-history":[{"count":0,"href":"https:\/\/www.giurgiuveanul.ro\/stiri\/wp-json\/wp\/v2\/posts\/28635\/revisions"}],"wp:attachment":[{"href":"https:\/\/www.giurgiuveanul.ro\/stiri\/wp-json\/wp\/v2\/media?parent=28635"}],"wp:term":[{"taxonomy":"category","embeddable":true,"href":"https:\/\/www.giurgiuveanul.ro\/stiri\/wp-json\/wp\/v2\/categories?post=28635"},{"taxonomy":"post_tag","embeddable":true,"href":"https:\/\/www.giurgiuveanul.ro\/stiri\/wp-json\/wp\/v2\/tags?post=28635"}],"curies":[{"name":"wp","href":"https:\/\/api.w.org\/{rel}","templated":true}]}}