{"id":28642,"date":"2016-04-07T17:28:38","date_gmt":"2016-04-07T14:28:38","guid":{"rendered":"https:\/\/www.giurgiuveanul.ro\/stiri\/?p=28642"},"modified":"2016-04-07T17:30:55","modified_gmt":"2016-04-07T14:30:55","slug":"fata-blocata-in-casa-salvata-de-echipaj-de-la-isu-giurgiu","status":"publish","type":"post","link":"https:\/\/www.giurgiuveanul.ro\/stiri\/fata-blocata-in-casa-salvata-de-echipaj-de-la-isu-giurgiu\/","title":{"rendered":"O fat\u0103, blocat\u0103 \u00een cas\u0103, salvat\u0103 de un echipaj de la ISU Giurgiu"},"content":{"rendered":"<p style=\"text-align: justify;\"><a href=\"https:\/\/www.giurgiuveanul.ro\/stiri\/wp-content\/uploads\/2016\/04\/12939360_1079025042170854_1511272935_n.jpg\"><img loading=\"lazy\" decoding=\"async\" class=\"aligncenter size-large wp-image-28643\" src=\"https:\/\/www.giurgiuveanul.ro\/stiri\/wp-content\/uploads\/2016\/04\/12939360_1079025042170854_1511272935_n-552x450.jpg\" alt=\"12939360_1079025042170854_1511272935_n\" width=\"552\" height=\"450\" srcset=\"https:\/\/www.giurgiuveanul.ro\/stiri\/wp-content\/uploads\/2016\/04\/12939360_1079025042170854_1511272935_n-552x450.jpg 552w, https:\/\/www.giurgiuveanul.ro\/stiri\/wp-content\/uploads\/2016\/04\/12939360_1079025042170854_1511272935_n-250x204.jpg 250w, https:\/\/www.giurgiuveanul.ro\/stiri\/wp-content\/uploads\/2016\/04\/12939360_1079025042170854_1511272935_n-400x326.jpg 400w, https:\/\/www.giurgiuveanul.ro\/stiri\/wp-content\/uploads\/2016\/04\/12939360_1079025042170854_1511272935_n.jpg 800w\" sizes=\"auto, (max-width: 552px) 100vw, 552px\" \/><\/a>Un echipaj de la Deta\u015famentul Giurgiu din cadrul ISU Giurgiu a intervenit ast\u0103zi, la ora 16:44, pentru <!--more-->deblocarea unui apartament, sitauat la etajul I al unui bloc din cartierul Istru, unde se afla \u00eenchis\u0103 o fat\u0103 \u00een v\u00e2rst\u0103 de 12 ani.<\/p>\n<p style=\"text-align: justify;\"><em>&#8222;Apelul a venit din partea mamei fetei \u00een v\u00e2rst\u0103 de 12 ani, care sus\u0163ine c\u0103 feti\u0163a a venit de la \u015fcoal\u0103, s-a culcat \u015fi nu a mai r\u0103spuns la u\u015f\u0103, moment in care s-a impacientat \u015fi a cerut ajutorul ISU Giurgiu&#8221;<\/em>, a declarat c\u0103pitanul Cristian Virag, purt\u0103toul de cuv\u00e2nt al ISU \u201eVla\u015fca\u201d.<\/p>\n<p style=\"text-align: justify;\">La fata locului s-a deplasat un echipaj de la ISU care a reu\u015fit rapid s\u0103 rezolve problema.<\/p>\n","protected":false},"excerpt":{"rendered":"<p>Un echipaj de la Deta\u015famentul Giurgiu din cadrul ISU Giurgiu a intervenit ast\u0103zi, la ora 16:44, pentru<\/p>\n","protected":false},"author":2,"featured_media":0,"comment_status":"open","ping_status":"open","sticky":false,"template":"","format":"standard","meta":{"footnotes":""},"categories":[8],"tags":[],"class_list":["post-28642","post","type-post","status-publish","format-standard","hentry","category-alert-news"],"_links":{"self":[{"href":"https:\/\/www.giurgiuveanul.ro\/stiri\/wp-json\/wp\/v2\/posts\/28642","targetHints":{"allow":["GET"]}}],"collection":[{"href":"https:\/\/www.giurgiuveanul.ro\/stiri\/wp-json\/wp\/v2\/posts"}],"about":[{"href":"https:\/\/www.giurgiuveanul.ro\/stiri\/wp-json\/wp\/v2\/types\/post"}],"author":[{"embeddable":true,"href":"https:\/\/www.giurgiuveanul.ro\/stiri\/wp-json\/wp\/v2\/users\/2"}],"replies":[{"embeddable":true,"href":"https:\/\/www.giurgiuveanul.ro\/stiri\/wp-json\/wp\/v2\/comments?post=28642"}],"version-history":[{"count":0,"href":"https:\/\/www.giurgiuveanul.ro\/stiri\/wp-json\/wp\/v2\/posts\/28642\/revisions"}],"wp:attachment":[{"href":"https:\/\/www.giurgiuveanul.ro\/stiri\/wp-json\/wp\/v2\/media?parent=28642"}],"wp:term":[{"taxonomy":"category","embeddable":true,"href":"https:\/\/www.giurgiuveanul.ro\/stiri\/wp-json\/wp\/v2\/categories?post=28642"},{"taxonomy":"post_tag","embeddable":true,"href":"https:\/\/www.giurgiuveanul.ro\/stiri\/wp-json\/wp\/v2\/tags?post=28642"}],"curies":[{"name":"wp","href":"https:\/\/api.w.org\/{rel}","templated":true}]}}