{"id":28712,"date":"2016-04-11T13:01:39","date_gmt":"2016-04-11T10:01:39","guid":{"rendered":"https:\/\/www.giurgiuveanul.ro\/stiri\/?p=28712"},"modified":"2016-04-11T13:01:39","modified_gmt":"2016-04-11T10:01:39","slug":"moarte-suspecta-la-spitalul-judetean-giurgiu","status":"publish","type":"post","link":"https:\/\/www.giurgiuveanul.ro\/stiri\/moarte-suspecta-la-spitalul-judetean-giurgiu\/","title":{"rendered":"Moarte suspect\u0103 la Spitalul Jude\u0163ean Giurgiu"},"content":{"rendered":"<p style=\"text-align: justify;\"><a href=\"https:\/\/www.giurgiuveanul.ro\/stiri\/wp-content\/uploads\/2016\/04\/spital2.jpg\"><img loading=\"lazy\" decoding=\"async\" class=\"aligncenter size-large wp-image-28713\" src=\"https:\/\/www.giurgiuveanul.ro\/stiri\/wp-content\/uploads\/2016\/04\/spital2-560x374.jpg\" alt=\"spital2\" width=\"560\" height=\"374\" srcset=\"https:\/\/www.giurgiuveanul.ro\/stiri\/wp-content\/uploads\/2016\/04\/spital2-560x374.jpg 560w, https:\/\/www.giurgiuveanul.ro\/stiri\/wp-content\/uploads\/2016\/04\/spital2-250x167.jpg 250w, https:\/\/www.giurgiuveanul.ro\/stiri\/wp-content\/uploads\/2016\/04\/spital2-400x267.jpg 400w, https:\/\/www.giurgiuveanul.ro\/stiri\/wp-content\/uploads\/2016\/04\/spital2.jpg 1024w\" sizes=\"auto, (max-width: 560px) 100vw, 560px\" \/><\/a>Un b\u0103rbat de<!--more--> 76 de ani, din Bolintin Vale, a decedat la Spitalul Jude\u0163ean de Urgen\u0163\u0103 Giurgiu, la scurt timp dup\u0103 ce a fost adus cu ambulan\u0163a de la o alt\u0103 unitate medical\u0103 pentru a i se efectua investiga\u0163ii medicale complexe. Tragedia s-a produs duminic\u0103 dup\u0103-amiaz\u0103, b\u0103tr\u00e2nul fiind adus de la Spitalul Or\u0103\u015fernesc Bolintin Vale. Acesta a decedat \u00een jurul orei 15.25 iar reprezentan\u0163ii Spitalului Jude\u0163ean Giurgiu au alertat poli\u0163ia.<\/p>\n<p style=\"text-align: justify;\">B\u00e2tr\u00e2nul fusese transferat la Spitalul din Giurgiu deoarece starea sa de s\u0103n\u0103tate s-a agravat.<\/p>\n<p style=\"text-align: justify;\">Poli\u0163i\u015ftii a\u015fteapt\u0103 rezultatul necropsiei pentru a se putea pronun\u0163a asupra cauzei decesului. \u00cen cauz\u0103 s-a deschis un dosar penal pentru moarte suspect\u0103.<\/p>\n","protected":false},"excerpt":{"rendered":"<p>Un b\u0103rbat de<\/p>\n","protected":false},"author":2,"featured_media":0,"comment_status":"open","ping_status":"open","sticky":false,"template":"","format":"standard","meta":{"footnotes":""},"categories":[8],"tags":[],"class_list":["post-28712","post","type-post","status-publish","format-standard","hentry","category-alert-news"],"_links":{"self":[{"href":"https:\/\/www.giurgiuveanul.ro\/stiri\/wp-json\/wp\/v2\/posts\/28712","targetHints":{"allow":["GET"]}}],"collection":[{"href":"https:\/\/www.giurgiuveanul.ro\/stiri\/wp-json\/wp\/v2\/posts"}],"about":[{"href":"https:\/\/www.giurgiuveanul.ro\/stiri\/wp-json\/wp\/v2\/types\/post"}],"author":[{"embeddable":true,"href":"https:\/\/www.giurgiuveanul.ro\/stiri\/wp-json\/wp\/v2\/users\/2"}],"replies":[{"embeddable":true,"href":"https:\/\/www.giurgiuveanul.ro\/stiri\/wp-json\/wp\/v2\/comments?post=28712"}],"version-history":[{"count":0,"href":"https:\/\/www.giurgiuveanul.ro\/stiri\/wp-json\/wp\/v2\/posts\/28712\/revisions"}],"wp:attachment":[{"href":"https:\/\/www.giurgiuveanul.ro\/stiri\/wp-json\/wp\/v2\/media?parent=28712"}],"wp:term":[{"taxonomy":"category","embeddable":true,"href":"https:\/\/www.giurgiuveanul.ro\/stiri\/wp-json\/wp\/v2\/categories?post=28712"},{"taxonomy":"post_tag","embeddable":true,"href":"https:\/\/www.giurgiuveanul.ro\/stiri\/wp-json\/wp\/v2\/tags?post=28712"}],"curies":[{"name":"wp","href":"https:\/\/api.w.org\/{rel}","templated":true}]}}