{"id":28752,"date":"2016-04-12T10:37:52","date_gmt":"2016-04-12T07:37:52","guid":{"rendered":"https:\/\/www.giurgiuveanul.ro\/stiri\/?p=28752"},"modified":"2016-04-12T10:37:52","modified_gmt":"2016-04-12T07:37:52","slug":"moarte-suspecta-intr-o-localitate-din-judetul-giurgiu","status":"publish","type":"post","link":"https:\/\/www.giurgiuveanul.ro\/stiri\/moarte-suspecta-intr-o-localitate-din-judetul-giurgiu\/","title":{"rendered":"Moarte suspect\u0103 \u00eentr-o localitate din jude\u0163ul Giurgiu!"},"content":{"rendered":"<p style=\"text-align: justify;\"><a href=\"https:\/\/www.giurgiuveanul.ro\/stiri\/wp-content\/uploads\/2016\/04\/posibila-crima-la-braila-336004.jpg\"><img loading=\"lazy\" decoding=\"async\" class=\"aligncenter size-large wp-image-28753\" src=\"https:\/\/www.giurgiuveanul.ro\/stiri\/wp-content\/uploads\/2016\/04\/posibila-crima-la-braila-336004-560x324.jpg\" alt=\"posibila-crima-la-braila-336004\" width=\"560\" height=\"324\" srcset=\"https:\/\/www.giurgiuveanul.ro\/stiri\/wp-content\/uploads\/2016\/04\/posibila-crima-la-braila-336004-560x324.jpg 560w, https:\/\/www.giurgiuveanul.ro\/stiri\/wp-content\/uploads\/2016\/04\/posibila-crima-la-braila-336004-250x145.jpg 250w, https:\/\/www.giurgiuveanul.ro\/stiri\/wp-content\/uploads\/2016\/04\/posibila-crima-la-braila-336004-400x232.jpg 400w, https:\/\/www.giurgiuveanul.ro\/stiri\/wp-content\/uploads\/2016\/04\/posibila-crima-la-braila-336004.jpg 620w\" sizes=\"auto, (max-width: 560px) 100vw, 560px\" \/><\/a>Un b\u0103rbat, \u00een v\u00e2rst\u0103 de <!--more-->60 de ani, a fost g\u0103sit f\u0103r\u0103 suflare \u00een propria locuin\u021b\u0103 din localitatea Slobozia. Decesul b\u0103rbatului a fost sesizat printr-un apel la 112, realizat de c\u0103tre sora acestuia, o femeie din Bucure\u015fti.<\/p>\n<p style=\"text-align: justify;\"><em>\u201eS\u00e2mb\u0103t\u0103, 9 aprilie, poli\u021bi\u0219tii de la Poli\u0163ia Municipiului Giurgiu au fost sesiza\u021bi printr-un apel telefonic efectuat de o femeie, cu privire la faptul c\u0103 fratele s\u0103u, de 60 de ani, a fost g\u0103sit decedat la domiciliul s\u0103u. Din primele cercet\u0103ri efectuate la fa\u021ba locului s-a stabilit c\u0103 pe corpul b\u0103rbatului nu exist\u0103 urme vizibile de violen\u021b\u0103\u201d,<\/em> ne-a precizat purt\u0103torul de cuv\u00e2nt al IJP Giurgiu, comisar \u015fef Cristian \u015eu\u0163\u0103.<\/p>\n<p style=\"text-align: justify;\">Cadavrul a fost transportat la Serviciul de Medicin\u0103 Legal\u0103 Giurgiu \u00een vederea efectu\u0103rii necropsiei. Se fac cercet\u0103ri pentru stabilirea tuturor \u00eemprejur\u0103rilor \u00een care a survenit decesul persoanei, f\u0103r\u0103 a exista suspiciuni \u00een cauz\u0103.<\/p>\n<p style=\"text-align: justify;\">Se pare c\u0103 b\u0103rbatul era cunoscut cu afec\u0163iuni medicale.<\/p>\n","protected":false},"excerpt":{"rendered":"<p>Un b\u0103rbat, \u00een v\u00e2rst\u0103 de<\/p>\n","protected":false},"author":2,"featured_media":0,"comment_status":"open","ping_status":"open","sticky":false,"template":"","format":"standard","meta":{"footnotes":""},"categories":[8],"tags":[],"class_list":["post-28752","post","type-post","status-publish","format-standard","hentry","category-alert-news"],"_links":{"self":[{"href":"https:\/\/www.giurgiuveanul.ro\/stiri\/wp-json\/wp\/v2\/posts\/28752","targetHints":{"allow":["GET"]}}],"collection":[{"href":"https:\/\/www.giurgiuveanul.ro\/stiri\/wp-json\/wp\/v2\/posts"}],"about":[{"href":"https:\/\/www.giurgiuveanul.ro\/stiri\/wp-json\/wp\/v2\/types\/post"}],"author":[{"embeddable":true,"href":"https:\/\/www.giurgiuveanul.ro\/stiri\/wp-json\/wp\/v2\/users\/2"}],"replies":[{"embeddable":true,"href":"https:\/\/www.giurgiuveanul.ro\/stiri\/wp-json\/wp\/v2\/comments?post=28752"}],"version-history":[{"count":0,"href":"https:\/\/www.giurgiuveanul.ro\/stiri\/wp-json\/wp\/v2\/posts\/28752\/revisions"}],"wp:attachment":[{"href":"https:\/\/www.giurgiuveanul.ro\/stiri\/wp-json\/wp\/v2\/media?parent=28752"}],"wp:term":[{"taxonomy":"category","embeddable":true,"href":"https:\/\/www.giurgiuveanul.ro\/stiri\/wp-json\/wp\/v2\/categories?post=28752"},{"taxonomy":"post_tag","embeddable":true,"href":"https:\/\/www.giurgiuveanul.ro\/stiri\/wp-json\/wp\/v2\/tags?post=28752"}],"curies":[{"name":"wp","href":"https:\/\/api.w.org\/{rel}","templated":true}]}}