{"id":28773,"date":"2016-04-12T17:10:37","date_gmt":"2016-04-12T14:10:37","guid":{"rendered":"https:\/\/www.giurgiuveanul.ro\/stiri\/?p=28773"},"modified":"2016-04-12T17:23:48","modified_gmt":"2016-04-12T14:23:48","slug":"doi-parlamentari-giurgiuveni-trec-la-pnl","status":"publish","type":"post","link":"https:\/\/www.giurgiuveanul.ro\/stiri\/doi-parlamentari-giurgiuveni-trec-la-pnl\/","title":{"rendered":"Doi parlamentari giurgiuveni trec la PNL!"},"content":{"rendered":"<p style=\"text-align: justify;\"><strong><a href=\"https:\/\/www.giurgiuveanul.ro\/stiri\/wp-content\/uploads\/2016\/04\/lucian-iliescu-si-marin-anton.jpg\"><img loading=\"lazy\" decoding=\"async\" class=\"aligncenter size-full wp-image-28579\" src=\"https:\/\/www.giurgiuveanul.ro\/stiri\/wp-content\/uploads\/2016\/04\/lucian-iliescu-si-marin-anton.jpg\" alt=\"lucian-iliescu-si-marin-anton\" width=\"400\" height=\"300\" srcset=\"https:\/\/www.giurgiuveanul.ro\/stiri\/wp-content\/uploads\/2016\/04\/lucian-iliescu-si-marin-anton.jpg 400w, https:\/\/www.giurgiuveanul.ro\/stiri\/wp-content\/uploads\/2016\/04\/lucian-iliescu-si-marin-anton-250x188.jpg 250w\" sizes=\"auto, (max-width: 400px) 100vw, 400px\" \/><\/a>Senatorul Lucian Iliescu \u015fi deputatul Marin Anton \u00ee\u015fi vor anun\u0163a, m\u00e2ine, 13 aprilie 2016, \u00een mod oficial, trecerea la PNL. Anun\u0163ul revenirii celor doi parlamentari<!--more--> la partidul de suflet va fi f\u0103cut m\u00e2ine, \u00eentr-o conferin\u0163\u0103 de pres\u0103.<\/strong><\/p>\n<p style=\"text-align: justify;\">Informa\u0163iile privind posibila trecere a celor doi UNPR-i\u015fti la PNL au ap\u0103rut cu pu\u0163in timp \u00een urm\u0103, dar acum au devenit certitudine.<\/p>\n<p style=\"text-align: justify;\">Mai mult ca sigur, ace\u015ftia vor avea o contribu\u0163ie important\u0103 la alegerile locale din iunie, cunoscute fiind abilit\u0103\u0163ile acestora de comunicatori \u015fi buni organizatori, dar mai ales calitatea de a coaliza \u00een jurul lor foarte mul\u0163i primari.<\/p>\n<p style=\"text-align: justify;\">Copre\u015fedintele PNL Giurgiu, Dumitru Beianu, a confirmat trecerea celor doi parlamentari la PNL, sus\u0163in\u00e2nd c\u0103 ace\u015ftia se vor \u00eentoarce \u201eacas\u0103\u201d.<\/p>\n","protected":false},"excerpt":{"rendered":"<p>Senatorul Lucian Iliescu \u015fi deputatul Marin Anton \u00ee\u015fi vor anun\u0163a, m\u00e2ine, 13 aprilie 2016, \u00een mod oficial, trecerea la PNL. Anun\u0163ul revenirii celor doi parlamentari<\/p>\n","protected":false},"author":2,"featured_media":0,"comment_status":"open","ping_status":"open","sticky":false,"template":"","format":"standard","meta":{"footnotes":""},"categories":[8],"tags":[],"class_list":["post-28773","post","type-post","status-publish","format-standard","hentry","category-alert-news"],"_links":{"self":[{"href":"https:\/\/www.giurgiuveanul.ro\/stiri\/wp-json\/wp\/v2\/posts\/28773","targetHints":{"allow":["GET"]}}],"collection":[{"href":"https:\/\/www.giurgiuveanul.ro\/stiri\/wp-json\/wp\/v2\/posts"}],"about":[{"href":"https:\/\/www.giurgiuveanul.ro\/stiri\/wp-json\/wp\/v2\/types\/post"}],"author":[{"embeddable":true,"href":"https:\/\/www.giurgiuveanul.ro\/stiri\/wp-json\/wp\/v2\/users\/2"}],"replies":[{"embeddable":true,"href":"https:\/\/www.giurgiuveanul.ro\/stiri\/wp-json\/wp\/v2\/comments?post=28773"}],"version-history":[{"count":0,"href":"https:\/\/www.giurgiuveanul.ro\/stiri\/wp-json\/wp\/v2\/posts\/28773\/revisions"}],"wp:attachment":[{"href":"https:\/\/www.giurgiuveanul.ro\/stiri\/wp-json\/wp\/v2\/media?parent=28773"}],"wp:term":[{"taxonomy":"category","embeddable":true,"href":"https:\/\/www.giurgiuveanul.ro\/stiri\/wp-json\/wp\/v2\/categories?post=28773"},{"taxonomy":"post_tag","embeddable":true,"href":"https:\/\/www.giurgiuveanul.ro\/stiri\/wp-json\/wp\/v2\/tags?post=28773"}],"curies":[{"name":"wp","href":"https:\/\/api.w.org\/{rel}","templated":true}]}}