{"id":28852,"date":"2016-04-15T14:32:33","date_gmt":"2016-04-15T11:32:33","guid":{"rendered":"https:\/\/www.giurgiuveanul.ro\/stiri\/?p=28852"},"modified":"2016-04-15T14:45:57","modified_gmt":"2016-04-15T11:45:57","slug":"noul-prefect-al-judetului-giurgiu-investit-in-functie-numerosi-primari-prezenti-la-ceremonie","status":"publish","type":"post","link":"https:\/\/www.giurgiuveanul.ro\/stiri\/noul-prefect-al-judetului-giurgiu-investit-in-functie-numerosi-primari-prezenti-la-ceremonie\/","title":{"rendered":"Noul prefect al jude\u0163ului Giurgiu, \u00eenvestit \u00een func\u0163ie. Numero\u015fi primari, prezen\u0163i la ceremonie"},"content":{"rendered":"<p style=\"text-align: justify;\"><strong><a href=\"https:\/\/www.giurgiuveanul.ro\/stiri\/wp-content\/uploads\/2016\/04\/IMG_9918.jpg\"><img loading=\"lazy\" decoding=\"async\" class=\"aligncenter size-large wp-image-28853\" src=\"https:\/\/www.giurgiuveanul.ro\/stiri\/wp-content\/uploads\/2016\/04\/IMG_9918-560x426.jpg\" alt=\"IMG_9918\" width=\"560\" height=\"426\" srcset=\"https:\/\/www.giurgiuveanul.ro\/stiri\/wp-content\/uploads\/2016\/04\/IMG_9918-560x426.jpg 560w, https:\/\/www.giurgiuveanul.ro\/stiri\/wp-content\/uploads\/2016\/04\/IMG_9918-250x190.jpg 250w, https:\/\/www.giurgiuveanul.ro\/stiri\/wp-content\/uploads\/2016\/04\/IMG_9918-400x305.jpg 400w, https:\/\/www.giurgiuveanul.ro\/stiri\/wp-content\/uploads\/2016\/04\/IMG_9918.jpg 800w\" sizes=\"auto, (max-width: 560px) 100vw, 560px\" \/><\/a>Noul prefect al jude\u0163ului Giurgiu, Zorinel Niculcea, a depus ast\u0103zi jur\u0103m\u00e2ntul \u00een prezen\u0163a <!--more-->directorului general din MAI, Constantin Mihart. \u00cen sala de \u015fedin\u0163e a Prefecturii Giurgiu a avut loc, \u00eencep\u00e2nd cu ora 9.00, ceremonia de \u00eenvestire a noului prefect, numit \u00een func\u0163ie dup\u0103 ce Nina Cri\u015fu a fost eliberat\u0103 din aceea\u015fi func\u0163ie de premierul Dacian Ciolo\u015f.<\/strong><\/p>\n<p style=\"text-align: justify;\">Ceremonia a fost coordonat\u0103 de directorul general \u00een Direc\u0163ia General\u0103 pentru \u00cendrumarea \u015fi Controlul Institu\u0163iei Prefectului din cadrul Ministerului Afacerilor Interne, Constantin Mihart.<\/p>\n<p style=\"text-align: justify;\">La ceremonie au fost prezen\u0163i deputa\u0163ii Florian Nicolae \u015fi Marin Anton, senatorul Lucian Iliescu, pre\u015fedintele PNL, Dumitru Beianu, pre\u015fedintele Consiliului Jude\u0163ean, Vasile Must\u0103\u0163ea, vicepre\u015fedintele Consiliului Jude\u0163ean, Dumitru Gavril\u0103, \u015fefi de institu\u0163ii deconcentrate, angaja\u0163i ai Prefecturii, dar \u015fi numero\u015fi primari, \u00een frunte cu primarul ora\u015fului Mih\u0103ile\u015fti, Mihai Dobre.<\/p>\n<p style=\"text-align: justify;\"><a href=\"https:\/\/www.giurgiuveanul.ro\/stiri\/wp-content\/uploads\/2016\/04\/IMG_9866.jpg\"><img loading=\"lazy\" decoding=\"async\" class=\"aligncenter size-large wp-image-28854\" src=\"https:\/\/www.giurgiuveanul.ro\/stiri\/wp-content\/uploads\/2016\/04\/IMG_9866-560x337.jpg\" alt=\"IMG_9866\" width=\"560\" height=\"337\" srcset=\"https:\/\/www.giurgiuveanul.ro\/stiri\/wp-content\/uploads\/2016\/04\/IMG_9866-560x337.jpg 560w, https:\/\/www.giurgiuveanul.ro\/stiri\/wp-content\/uploads\/2016\/04\/IMG_9866-250x150.jpg 250w, https:\/\/www.giurgiuveanul.ro\/stiri\/wp-content\/uploads\/2016\/04\/IMG_9866-400x241.jpg 400w, https:\/\/www.giurgiuveanul.ro\/stiri\/wp-content\/uploads\/2016\/04\/IMG_9866.jpg 800w\" sizes=\"auto, (max-width: 560px) 100vw, 560px\" \/><\/a><\/p>\n<p style=\"text-align: justify;\">Au participat la \u00eenvestirea \u00een func\u0163ie a noului prefect primarii din Clejani, Buc\u015fani, Toporu, Gogo\u015fari, St\u0103ne\u015fti, Gostinu, Schitu, Oinacu, Aduna\u0163ii Cop\u0103ceni, Vedea, Cosoba, Fr\u0103te\u015fti etc.<\/p>\n<p style=\"text-align: justify;\">\u00cen discursul s\u0103u de \u00eenvestire, Zorinel Niculcea le-a solicitat colaboratorilor \u015fi subordona\u0163ilor s\u0103 dea dovad\u0103 de integritate, impar\u0163ialitate, profesionalism \u015fi s\u0103 respecte legile. \u00cen perspectiva alegerilor locale, acesta s-a angajat s\u0103 organizeze alegeri corecte \u00een jude\u0163ul Giurgiu.<\/p>\n<p style=\"text-align: justify;\"><a href=\"https:\/\/www.giurgiuveanul.ro\/stiri\/wp-content\/uploads\/2016\/04\/IMG_9933.jpg\"><img loading=\"lazy\" decoding=\"async\" class=\"aligncenter size-large wp-image-28856\" src=\"https:\/\/www.giurgiuveanul.ro\/stiri\/wp-content\/uploads\/2016\/04\/IMG_9933-560x401.jpg\" alt=\"IMG_9933\" width=\"560\" height=\"401\" srcset=\"https:\/\/www.giurgiuveanul.ro\/stiri\/wp-content\/uploads\/2016\/04\/IMG_9933-560x401.jpg 560w, https:\/\/www.giurgiuveanul.ro\/stiri\/wp-content\/uploads\/2016\/04\/IMG_9933-250x179.jpg 250w, https:\/\/www.giurgiuveanul.ro\/stiri\/wp-content\/uploads\/2016\/04\/IMG_9933-400x287.jpg 400w, https:\/\/www.giurgiuveanul.ro\/stiri\/wp-content\/uploads\/2016\/04\/IMG_9933.jpg 800w\" sizes=\"auto, (max-width: 560px) 100vw, 560px\" \/><\/a><\/p>\n<p style=\"text-align: justify;\">Prezent la ceremonia de \u00eenvestire, deputatul Florian Nicolae l-a asigurat pe noul prefect de tot sprijinul s\u0103u, mai ales c\u0103 au fost colegi la Facultatea de Electrotehnic\u0103.<\/p>\n<p style=\"text-align: justify;\"><a href=\"https:\/\/www.giurgiuveanul.ro\/stiri\/wp-content\/uploads\/2016\/04\/IMG_9925.jpg\"><img loading=\"lazy\" decoding=\"async\" class=\"aligncenter size-large wp-image-28855\" src=\"https:\/\/www.giurgiuveanul.ro\/stiri\/wp-content\/uploads\/2016\/04\/IMG_9925-560x347.jpg\" alt=\"IMG_9925\" width=\"560\" height=\"347\" srcset=\"https:\/\/www.giurgiuveanul.ro\/stiri\/wp-content\/uploads\/2016\/04\/IMG_9925-560x347.jpg 560w, https:\/\/www.giurgiuveanul.ro\/stiri\/wp-content\/uploads\/2016\/04\/IMG_9925-250x155.jpg 250w, https:\/\/www.giurgiuveanul.ro\/stiri\/wp-content\/uploads\/2016\/04\/IMG_9925-400x248.jpg 400w, https:\/\/www.giurgiuveanul.ro\/stiri\/wp-content\/uploads\/2016\/04\/IMG_9925.jpg 800w\" sizes=\"auto, (max-width: 560px) 100vw, 560px\" \/><\/a><\/p>\n<p style=\"text-align: justify;\">Noul prefect a anun\u0163at, cu aceast\u0103 ocazie, \u015fi care \u00eei sunt priorit\u0103\u0163ile mandatului. Printre acestea se num\u0103r\u0103, pe l\u00e2ng\u0103 cele care decurg din fi\u015fa postului, depolitizarea institu\u0163iilor deconcentrate, respectarea banului public \u015fi definitivarea aplic\u0103rii legilor propriet\u0103\u0163ii.<\/p>\n<p style=\"text-align: justify;\"><em>Marcela Petcu <\/em><\/p>\n","protected":false},"excerpt":{"rendered":"<p>Noul prefect al jude\u0163ului Giurgiu, Zorinel Niculcea, a depus ast\u0103zi jur\u0103m\u00e2ntul \u00een prezen\u0163a<\/p>\n","protected":false},"author":2,"featured_media":0,"comment_status":"open","ping_status":"open","sticky":false,"template":"","format":"standard","meta":{"footnotes":""},"categories":[8],"tags":[],"class_list":["post-28852","post","type-post","status-publish","format-standard","hentry","category-alert-news"],"_links":{"self":[{"href":"https:\/\/www.giurgiuveanul.ro\/stiri\/wp-json\/wp\/v2\/posts\/28852","targetHints":{"allow":["GET"]}}],"collection":[{"href":"https:\/\/www.giurgiuveanul.ro\/stiri\/wp-json\/wp\/v2\/posts"}],"about":[{"href":"https:\/\/www.giurgiuveanul.ro\/stiri\/wp-json\/wp\/v2\/types\/post"}],"author":[{"embeddable":true,"href":"https:\/\/www.giurgiuveanul.ro\/stiri\/wp-json\/wp\/v2\/users\/2"}],"replies":[{"embeddable":true,"href":"https:\/\/www.giurgiuveanul.ro\/stiri\/wp-json\/wp\/v2\/comments?post=28852"}],"version-history":[{"count":0,"href":"https:\/\/www.giurgiuveanul.ro\/stiri\/wp-json\/wp\/v2\/posts\/28852\/revisions"}],"wp:attachment":[{"href":"https:\/\/www.giurgiuveanul.ro\/stiri\/wp-json\/wp\/v2\/media?parent=28852"}],"wp:term":[{"taxonomy":"category","embeddable":true,"href":"https:\/\/www.giurgiuveanul.ro\/stiri\/wp-json\/wp\/v2\/categories?post=28852"},{"taxonomy":"post_tag","embeddable":true,"href":"https:\/\/www.giurgiuveanul.ro\/stiri\/wp-json\/wp\/v2\/tags?post=28852"}],"curies":[{"name":"wp","href":"https:\/\/api.w.org\/{rel}","templated":true}]}}