{"id":28861,"date":"2016-04-15T18:27:56","date_gmt":"2016-04-15T15:27:56","guid":{"rendered":"https:\/\/www.giurgiuveanul.ro\/stiri\/?p=28861"},"modified":"2016-04-15T18:27:56","modified_gmt":"2016-04-15T15:27:56","slug":"inca-accident-rutier-3","status":"publish","type":"post","link":"https:\/\/www.giurgiuveanul.ro\/stiri\/inca-accident-rutier-3\/","title":{"rendered":"\u00cenc\u0103 un accident rutier"},"content":{"rendered":"<p style=\"text-align: justify;\"><a href=\"https:\/\/www.giurgiuveanul.ro\/stiri\/wp-content\/uploads\/2016\/04\/IMG_6131.jpg\"><img loading=\"lazy\" decoding=\"async\" class=\"aligncenter size-large wp-image-28862\" src=\"https:\/\/www.giurgiuveanul.ro\/stiri\/wp-content\/uploads\/2016\/04\/IMG_6131-560x404.jpg\" alt=\"IMG_6131\" width=\"560\" height=\"404\" srcset=\"https:\/\/www.giurgiuveanul.ro\/stiri\/wp-content\/uploads\/2016\/04\/IMG_6131-560x404.jpg 560w, https:\/\/www.giurgiuveanul.ro\/stiri\/wp-content\/uploads\/2016\/04\/IMG_6131-250x180.jpg 250w, https:\/\/www.giurgiuveanul.ro\/stiri\/wp-content\/uploads\/2016\/04\/IMG_6131-400x289.jpg 400w, https:\/\/www.giurgiuveanul.ro\/stiri\/wp-content\/uploads\/2016\/04\/IMG_6131.jpg 800w\" sizes=\"auto, (max-width: 560px) 100vw, 560px\" \/><\/a>Un b\u0103rbat, de 52 ani, R.F., din municipiul \u00a0Giurgiu, \u00een timp ce conducea pe<!--more--> str. Linia Mare, din localitatea\u00a0 Her\u0103\u0219ti, un autoturism Dacia Logan, av\u00e2nd direc\u021bia de deplasare localitatea Gruiu, nu a acordat prioritate de dreapta autoturismului Dacia Solenza, condus de I. A., o t\u00e2n\u0103r\u0103 de 19 ani, din Bucure\u0219ti, intr\u00e2nd \u00een coliziune cu acesta.<\/p>\n<p style=\"text-align: justify;\">\u00cen urma accidentului a rezultat r\u0103nirea u\u0219oar\u0103 a conduc\u0103toarei auto care a primit \u00eengrijiri medicale de la echipajul medical sosit la accident, f\u0103r\u0103 \u00a0a se deplasa la spital.<\/p>\n<p style=\"text-align: justify;\">Ambii conduc\u0103tori auto au fost testa\u021bi cu aparatul etilo-test rezultatele fiind negative \u0219i li s-au recoltat probe biologice de s\u00e2nge \u00een vederea stabilirii alcoolemiei.<\/p>\n<p style=\"text-align: justify;\">Poli\u021bi\u0219tii Serviciului Rutier au deschis dosar penal pentru comiterea infrac\u021biunii de v\u0103t\u0103mare corporal\u0103 din culp\u0103.<\/p>\n","protected":false},"excerpt":{"rendered":"<p>Un b\u0103rbat, de 52 ani, R.F., din municipiul \u00a0Giurgiu, \u00een timp ce conducea pe<\/p>\n","protected":false},"author":2,"featured_media":0,"comment_status":"open","ping_status":"open","sticky":false,"template":"","format":"standard","meta":{"footnotes":""},"categories":[8],"tags":[],"class_list":["post-28861","post","type-post","status-publish","format-standard","hentry","category-alert-news"],"_links":{"self":[{"href":"https:\/\/www.giurgiuveanul.ro\/stiri\/wp-json\/wp\/v2\/posts\/28861","targetHints":{"allow":["GET"]}}],"collection":[{"href":"https:\/\/www.giurgiuveanul.ro\/stiri\/wp-json\/wp\/v2\/posts"}],"about":[{"href":"https:\/\/www.giurgiuveanul.ro\/stiri\/wp-json\/wp\/v2\/types\/post"}],"author":[{"embeddable":true,"href":"https:\/\/www.giurgiuveanul.ro\/stiri\/wp-json\/wp\/v2\/users\/2"}],"replies":[{"embeddable":true,"href":"https:\/\/www.giurgiuveanul.ro\/stiri\/wp-json\/wp\/v2\/comments?post=28861"}],"version-history":[{"count":0,"href":"https:\/\/www.giurgiuveanul.ro\/stiri\/wp-json\/wp\/v2\/posts\/28861\/revisions"}],"wp:attachment":[{"href":"https:\/\/www.giurgiuveanul.ro\/stiri\/wp-json\/wp\/v2\/media?parent=28861"}],"wp:term":[{"taxonomy":"category","embeddable":true,"href":"https:\/\/www.giurgiuveanul.ro\/stiri\/wp-json\/wp\/v2\/categories?post=28861"},{"taxonomy":"post_tag","embeddable":true,"href":"https:\/\/www.giurgiuveanul.ro\/stiri\/wp-json\/wp\/v2\/tags?post=28861"}],"curies":[{"name":"wp","href":"https:\/\/api.w.org\/{rel}","templated":true}]}}