{"id":28909,"date":"2016-04-17T15:47:34","date_gmt":"2016-04-17T12:47:34","guid":{"rendered":"https:\/\/www.giurgiuveanul.ro\/stiri\/?p=28909"},"modified":"2016-04-17T15:47:34","modified_gmt":"2016-04-17T12:47:34","slug":"condamnat-la-cinci-ani-de-inchisoare-capturat-de-politistii-giurgiuveni","status":"publish","type":"post","link":"https:\/\/www.giurgiuveanul.ro\/stiri\/condamnat-la-cinci-ani-de-inchisoare-capturat-de-politistii-giurgiuveni\/","title":{"rendered":"Condamnat la cinci ani de \u00eenchisoare, capturat de poli\u0163i\u015ftii giurgiuveni!"},"content":{"rendered":"<p style=\"text-align: justify;\"><strong><a href=\"https:\/\/www.giurgiuveanul.ro\/stiri\/wp-content\/uploads\/2016\/04\/catuse-arestat-.jpg\"><img loading=\"lazy\" decoding=\"async\" class=\"aligncenter size-large wp-image-28910\" src=\"https:\/\/www.giurgiuveanul.ro\/stiri\/wp-content\/uploads\/2016\/04\/catuse-arestat--560x335.jpg\" alt=\"catuse-arestat-\" width=\"560\" height=\"335\" srcset=\"https:\/\/www.giurgiuveanul.ro\/stiri\/wp-content\/uploads\/2016\/04\/catuse-arestat--560x335.jpg 560w, https:\/\/www.giurgiuveanul.ro\/stiri\/wp-content\/uploads\/2016\/04\/catuse-arestat--250x150.jpg 250w, https:\/\/www.giurgiuveanul.ro\/stiri\/wp-content\/uploads\/2016\/04\/catuse-arestat--400x240.jpg 400w, https:\/\/www.giurgiuveanul.ro\/stiri\/wp-content\/uploads\/2016\/04\/catuse-arestat-.jpg 1000w\" sizes=\"auto, (max-width: 560px) 100vw, 560px\" \/><\/a>Poli\u021bi\u0219ti din cadrul Serviciului de Investiga\u021bii Criminale de la I.P.J. Giurgiu au <!--more-->desf\u0103\u0219urat \u00een municipiul Giurgiu, jude\u021bul Giurgiu, o ac\u021biune specific\u0103 pe linia punerii \u00een executare a mandatelor de executare a pedepsei \u00eenchisorii \u0219i depist\u0103rii persoanelor urm\u0103rite \u00een temeiul legii.<\/strong><\/p>\n<p style=\"text-align: justify;\">Cu ocazia activit\u0103\u021bilor a fost depistat \u0219i re\u021binut R. C., un b\u0103rbat de 43 ani, din municipiul Giurgiu, pe numele c\u0103ruia Tribunalul Giurgiu, Sec\u021bia Penal\u0103, a emis Mandat de executare a pedepsei cu \u00eenchisoarea, fiind condamnat la cinci ani \u00eenchisoare, pentru s\u0103v\u00e2r\u0219irea infrac\u021biunilor de constituire de grup infrac\u021bional \u0219i evaziune fiscal\u0103.<\/p>\n<p style=\"text-align: justify;\">Persoana depistat\u0103\u00a0 a fost condus\u0103 la sediul I.P.J. Giurgiu \u2013 Serviciul Investiga\u021bii Criminale unde i s-au \u00eentocmit documentele necesare \u00eencarcer\u0103rii \u0219i ulterior a fost depus\u0103 la Penitenciarul Giurgiu.<\/p>\n","protected":false},"excerpt":{"rendered":"<p>Poli\u021bi\u0219ti din cadrul Serviciului de Investiga\u021bii Criminale de la I.P.J. Giurgiu au<\/p>\n","protected":false},"author":2,"featured_media":0,"comment_status":"open","ping_status":"open","sticky":false,"template":"","format":"standard","meta":{"footnotes":""},"categories":[8],"tags":[],"class_list":["post-28909","post","type-post","status-publish","format-standard","hentry","category-alert-news"],"_links":{"self":[{"href":"https:\/\/www.giurgiuveanul.ro\/stiri\/wp-json\/wp\/v2\/posts\/28909","targetHints":{"allow":["GET"]}}],"collection":[{"href":"https:\/\/www.giurgiuveanul.ro\/stiri\/wp-json\/wp\/v2\/posts"}],"about":[{"href":"https:\/\/www.giurgiuveanul.ro\/stiri\/wp-json\/wp\/v2\/types\/post"}],"author":[{"embeddable":true,"href":"https:\/\/www.giurgiuveanul.ro\/stiri\/wp-json\/wp\/v2\/users\/2"}],"replies":[{"embeddable":true,"href":"https:\/\/www.giurgiuveanul.ro\/stiri\/wp-json\/wp\/v2\/comments?post=28909"}],"version-history":[{"count":0,"href":"https:\/\/www.giurgiuveanul.ro\/stiri\/wp-json\/wp\/v2\/posts\/28909\/revisions"}],"wp:attachment":[{"href":"https:\/\/www.giurgiuveanul.ro\/stiri\/wp-json\/wp\/v2\/media?parent=28909"}],"wp:term":[{"taxonomy":"category","embeddable":true,"href":"https:\/\/www.giurgiuveanul.ro\/stiri\/wp-json\/wp\/v2\/categories?post=28909"},{"taxonomy":"post_tag","embeddable":true,"href":"https:\/\/www.giurgiuveanul.ro\/stiri\/wp-json\/wp\/v2\/tags?post=28909"}],"curies":[{"name":"wp","href":"https:\/\/api.w.org\/{rel}","templated":true}]}}