{"id":28970,"date":"2016-04-19T12:34:00","date_gmt":"2016-04-19T09:34:00","guid":{"rendered":"https:\/\/www.giurgiuveanul.ro\/stiri\/?p=28970"},"modified":"2016-04-19T12:34:00","modified_gmt":"2016-04-19T09:34:00","slug":"cadavrul-carbonizat-al-unui-tanar-gasit-intr-o-baraca-metalica","status":"publish","type":"post","link":"https:\/\/www.giurgiuveanul.ro\/stiri\/cadavrul-carbonizat-al-unui-tanar-gasit-intr-o-baraca-metalica\/","title":{"rendered":"Cadavrul carbonizat al unui t\u00e2n\u0103r, g\u0103sit \u00eentr-o barac\u0103 metalic\u0103"},"content":{"rendered":"<p style=\"text-align: justify;\"><strong><a href=\"https:\/\/www.giurgiuveanul.ro\/stiri\/wp-content\/uploads\/2016\/04\/pompieri_92388800.jpg\"><img loading=\"lazy\" decoding=\"async\" class=\"aligncenter size-large wp-image-28971\" src=\"https:\/\/www.giurgiuveanul.ro\/stiri\/wp-content\/uploads\/2016\/04\/pompieri_92388800-560x316.jpg\" alt=\"pompieri_92388800\" width=\"560\" height=\"316\" srcset=\"https:\/\/www.giurgiuveanul.ro\/stiri\/wp-content\/uploads\/2016\/04\/pompieri_92388800-560x316.jpg 560w, https:\/\/www.giurgiuveanul.ro\/stiri\/wp-content\/uploads\/2016\/04\/pompieri_92388800-250x141.jpg 250w, https:\/\/www.giurgiuveanul.ro\/stiri\/wp-content\/uploads\/2016\/04\/pompieri_92388800-400x226.jpg 400w, https:\/\/www.giurgiuveanul.ro\/stiri\/wp-content\/uploads\/2016\/04\/pompieri_92388800.jpg 708w\" sizes=\"auto, (max-width: 560px) 100vw, 560px\" \/><\/a>Descoperire \u015focant\u0103 \u00eentr-o barac\u0103 metalic\u0103 de pe<!--more--> un c\u00e2mp din localitatea Stoene\u015fti. Pompierii veni\u0163i s\u0103 sting\u0103 un incendiu care cuprinsese construc\u0163ia au g\u0103sit \u00een interior cadavrul carbonizat al unui t\u00e2n\u0103r de 36 de ani.<\/strong><\/p>\n<p style=\"text-align: justify;\">Un b\u0103rbat de 36 de ani \u015fi-a g\u0103sit sf\u00e2r\u015fitul \u00eentr-un mod cumplit, dup\u0103 ce baraca metalic\u0103 \u00een care se afla a fost cuprins\u0103 de fl\u0103c\u0103ri. Incendiul a izbucnit asear\u0103, \u00een jurul orei 21.13, la construc\u0163ia care se afla pe un c\u00e2mp din localitatea Stoene\u015fti.<\/p>\n<p style=\"text-align: justify;\">Pompierii de la Punctul de lucru C\u0103lug\u0103reni s-au deplasat la fa\u0163a locului cu o autospecial\u0103 de lucru cu ap\u0103 \u0219i spum\u0103, dup\u0103 ce au fost alerta\u0163i printr-un apel pe 112. Ei au constatat c\u0103 incendiul se manifesta generalizat la \u00eentreaga construc\u0163ie. Din nefericire, pompierii au g\u0103sit \u00een interiorul bar\u0103cii cadavrul carbonizat al unui t\u00e2n\u0103r de 36 de ani.<\/p>\n<p style=\"text-align: justify;\">Din informa\u0163iile primite de la s\u0103teni, t\u00e2n\u0103rul se stabilise \u00een Stoene\u015fti \u015fi avea grij\u0103 de o ferm\u0103 de animale aflat\u0103 chiar pe c\u00e2mpul respectiv.<\/p>\n<p style=\"text-align: justify;\">\u00cen urma incendiului, au ars elemente de mobilier, acoperi\u0219ul \u0219i pere\u021bii construc\u021biei.<\/p>\n<p style=\"text-align: justify;\">Cadavrul a fost transportat la Serviciul de Medicin\u0103 Legal\u0103 Giurgiu, iar \u00een urma necropsiei se va stabili \u015fi cauza decesului b\u0103rbatului de 36 de ani.<\/p>\n","protected":false},"excerpt":{"rendered":"<p>Descoperire \u015focant\u0103 \u00eentr-o barac\u0103 metalic\u0103 de pe<\/p>\n","protected":false},"author":2,"featured_media":0,"comment_status":"open","ping_status":"open","sticky":false,"template":"","format":"standard","meta":{"footnotes":""},"categories":[8],"tags":[],"class_list":["post-28970","post","type-post","status-publish","format-standard","hentry","category-alert-news"],"_links":{"self":[{"href":"https:\/\/www.giurgiuveanul.ro\/stiri\/wp-json\/wp\/v2\/posts\/28970","targetHints":{"allow":["GET"]}}],"collection":[{"href":"https:\/\/www.giurgiuveanul.ro\/stiri\/wp-json\/wp\/v2\/posts"}],"about":[{"href":"https:\/\/www.giurgiuveanul.ro\/stiri\/wp-json\/wp\/v2\/types\/post"}],"author":[{"embeddable":true,"href":"https:\/\/www.giurgiuveanul.ro\/stiri\/wp-json\/wp\/v2\/users\/2"}],"replies":[{"embeddable":true,"href":"https:\/\/www.giurgiuveanul.ro\/stiri\/wp-json\/wp\/v2\/comments?post=28970"}],"version-history":[{"count":0,"href":"https:\/\/www.giurgiuveanul.ro\/stiri\/wp-json\/wp\/v2\/posts\/28970\/revisions"}],"wp:attachment":[{"href":"https:\/\/www.giurgiuveanul.ro\/stiri\/wp-json\/wp\/v2\/media?parent=28970"}],"wp:term":[{"taxonomy":"category","embeddable":true,"href":"https:\/\/www.giurgiuveanul.ro\/stiri\/wp-json\/wp\/v2\/categories?post=28970"},{"taxonomy":"post_tag","embeddable":true,"href":"https:\/\/www.giurgiuveanul.ro\/stiri\/wp-json\/wp\/v2\/tags?post=28970"}],"curies":[{"name":"wp","href":"https:\/\/api.w.org\/{rel}","templated":true}]}}