{"id":28983,"date":"2016-04-19T16:25:14","date_gmt":"2016-04-19T13:25:14","guid":{"rendered":"https:\/\/www.giurgiuveanul.ro\/stiri\/?p=28983"},"modified":"2016-04-19T16:26:28","modified_gmt":"2016-04-19T13:26:28","slug":"ultima-ora-laurentiu-ionescu-fost-retinut-de-procurorii-dna","status":"publish","type":"post","link":"https:\/\/www.giurgiuveanul.ro\/stiri\/ultima-ora-laurentiu-ionescu-fost-retinut-de-procurorii-dna\/","title":{"rendered":"ULTIMA OR\u0102! Lauren\u0163iu Ionescu a fost re\u0163inut de procurorii DNA!"},"content":{"rendered":"<p style=\"text-align: justify;\"><a href=\"https:\/\/www.giurgiuveanul.ro\/stiri\/wp-content\/uploads\/2016\/04\/IMG-20160419-WA0005.jpg\"><img loading=\"lazy\" decoding=\"async\" class=\"aligncenter size-large wp-image-28968\" src=\"https:\/\/www.giurgiuveanul.ro\/stiri\/wp-content\/uploads\/2016\/04\/IMG-20160419-WA0005-560x373.jpg\" alt=\"IMG-20160419-WA0005\" width=\"560\" height=\"373\" srcset=\"https:\/\/www.giurgiuveanul.ro\/stiri\/wp-content\/uploads\/2016\/04\/IMG-20160419-WA0005-560x373.jpg 560w, https:\/\/www.giurgiuveanul.ro\/stiri\/wp-content\/uploads\/2016\/04\/IMG-20160419-WA0005-250x167.jpg 250w, https:\/\/www.giurgiuveanul.ro\/stiri\/wp-content\/uploads\/2016\/04\/IMG-20160419-WA0005-400x267.jpg 400w, https:\/\/www.giurgiuveanul.ro\/stiri\/wp-content\/uploads\/2016\/04\/IMG-20160419-WA0005.jpg 800w\" sizes=\"auto, (max-width: 560px) 100vw, 560px\" \/><\/a>Directorul Agen\u0163iei de Pl\u0103\u0163i \u015fi Inspec\u0163ie Social\u0103 Giurgiu, Lauren\u0163iu Ionescu, a ie\u015fit din sediul DNA cu catu\u015fe, fiind <!--more-->re\u0163inut pentru 24 de ore, \u015fi dus \u00een arestul Poli\u0163iei Capitalei.<\/p>\n<p style=\"text-align: justify;\">M\u00e2ine procurorii \u00eel duc \u00een fata instan\u0163ei cu propunere de arestare preventiv\u0103 pentru 30 de zile.<\/p>\n","protected":false},"excerpt":{"rendered":"<p>Directorul Agen\u0163iei de Pl\u0103\u0163i \u015fi Inspec\u0163ie Social\u0103 Giurgiu, Lauren\u0163iu Ionescu, a ie\u015fit din sediul DNA cu catu\u015fe, fiind<\/p>\n","protected":false},"author":2,"featured_media":0,"comment_status":"open","ping_status":"open","sticky":false,"template":"","format":"standard","meta":{"footnotes":""},"categories":[8],"tags":[],"class_list":["post-28983","post","type-post","status-publish","format-standard","hentry","category-alert-news"],"_links":{"self":[{"href":"https:\/\/www.giurgiuveanul.ro\/stiri\/wp-json\/wp\/v2\/posts\/28983","targetHints":{"allow":["GET"]}}],"collection":[{"href":"https:\/\/www.giurgiuveanul.ro\/stiri\/wp-json\/wp\/v2\/posts"}],"about":[{"href":"https:\/\/www.giurgiuveanul.ro\/stiri\/wp-json\/wp\/v2\/types\/post"}],"author":[{"embeddable":true,"href":"https:\/\/www.giurgiuveanul.ro\/stiri\/wp-json\/wp\/v2\/users\/2"}],"replies":[{"embeddable":true,"href":"https:\/\/www.giurgiuveanul.ro\/stiri\/wp-json\/wp\/v2\/comments?post=28983"}],"version-history":[{"count":0,"href":"https:\/\/www.giurgiuveanul.ro\/stiri\/wp-json\/wp\/v2\/posts\/28983\/revisions"}],"wp:attachment":[{"href":"https:\/\/www.giurgiuveanul.ro\/stiri\/wp-json\/wp\/v2\/media?parent=28983"}],"wp:term":[{"taxonomy":"category","embeddable":true,"href":"https:\/\/www.giurgiuveanul.ro\/stiri\/wp-json\/wp\/v2\/categories?post=28983"},{"taxonomy":"post_tag","embeddable":true,"href":"https:\/\/www.giurgiuveanul.ro\/stiri\/wp-json\/wp\/v2\/tags?post=28983"}],"curies":[{"name":"wp","href":"https:\/\/api.w.org\/{rel}","templated":true}]}}