{"id":29010,"date":"2016-04-20T08:59:26","date_gmt":"2016-04-20T05:59:26","guid":{"rendered":"https:\/\/www.giurgiuveanul.ro\/stiri\/?p=29010"},"modified":"2016-04-20T08:59:38","modified_gmt":"2016-04-20T05:59:38","slug":"episcopul-giurgiului-implineste-astazi-47-de-ani-intru-multi-ani-preasfintite-parinte-ambrozie","status":"publish","type":"post","link":"https:\/\/www.giurgiuveanul.ro\/stiri\/episcopul-giurgiului-implineste-astazi-47-de-ani-intru-multi-ani-preasfintite-parinte-ambrozie\/","title":{"rendered":"Episcopul Giurgiului \u00eempline\u015fte ast\u0103zi 47 de ani! \u00centru Mul\u0163i Ani, Preasfin\u0163ite P\u0103rinte Ambrozie!"},"content":{"rendered":"<p style=\"text-align: justify;\"><a href=\"https:\/\/www.giurgiuveanul.ro\/stiri\/wp-content\/uploads\/2016\/04\/ambrozie-frumos.jpg\"><img loading=\"lazy\" decoding=\"async\" class=\"aligncenter size-large wp-image-29011\" src=\"https:\/\/www.giurgiuveanul.ro\/stiri\/wp-content\/uploads\/2016\/04\/ambrozie-frumos-373x450.jpg\" alt=\"ambrozie frumos\" width=\"373\" height=\"450\" srcset=\"https:\/\/www.giurgiuveanul.ro\/stiri\/wp-content\/uploads\/2016\/04\/ambrozie-frumos-373x450.jpg 373w, https:\/\/www.giurgiuveanul.ro\/stiri\/wp-content\/uploads\/2016\/04\/ambrozie-frumos-400x482.jpg 400w, https:\/\/www.giurgiuveanul.ro\/stiri\/wp-content\/uploads\/2016\/04\/ambrozie-frumos.jpg 800w\" sizes=\"auto, (max-width: 373px) 100vw, 373px\" \/><\/a>Ast\u0103zi, <em>20 aprilie,<\/em> \u00cent\u00e2ist\u0103t\u0103torul eparhiei noastre, Preasfin\u0163itul P\u0103rinte Episcop Ambrozie aniverseaz\u0103 \u00eemplinirea v\u00e2rstei de 47 de ani.<\/p>\n<p style=\"text-align: justify;\">Preasfin\u0163ia Sa <!--more-->s-a n\u0103scut \u00een ziua de 20 aprilie a anului 1969, \u00een localitatea Scor\u0163eni, jude\u0163ul Prahova, ca fiu al lui Gabriel \u015fi Aurica Meleac\u0103, primind numele de botez Valentin. A urmat cursurile Liceului nr. 1 din C\u00e2mpina (1983-1987) \u015fi a satisf\u0103cut stagiul militar \u00eentre anii 1987-1989.<\/p>\n<p style=\"text-align: justify;\">\u00cen anul 1990 intr\u0103 \u00een ob\u015ftea Schitului Crasna, unul dintre cele mai cunoscute vetre monahale prahovene. Aici, \u00een anul 1991, este tuns \u00een monahism, primind numele <em>Ambrozie.<\/em>Datorit\u0103 dragostei pentru slujirea Sf\u00e2ntului Altar, este hirotonit ierodiacon apoi ieromonah \u00een anul 1992.<\/p>\n<p style=\"text-align: justify;\">Pentru a-\u015fi des\u0103v\u00e2r\u015fi forma\u0163ia duhovniceasc\u0103 \u015fi teologic\u0103, Preasfin\u0163itul P\u0103rinte Ambrozie urmeaz\u0103 \u00eentre anii 1992 \u2013 1996 cursurile Facult\u0103\u0163ii de Teologie Ortodox\u0103 <em>\u201eJustinian Patriarhul\u201d<\/em>din Bucure\u015fti.<\/p>\n<p style=\"text-align: justify;\">\u00cen anul 1996, \u00cent\u00e2ist\u0103t\u0103torul Bisericii Ortodoxe Rom\u00e2ne de atunci, vrednicul de pomenire P\u0103rinte Patriarh Teoctist \u00eel nume\u015fte prin decizie patriarhal\u0103 Stare\u0163 al Schitului Darvari, redeschis dup\u0103 o lung\u0103 \u015fi trist\u0103 perioad\u0103 de t\u0103cere.<\/p>\n<p style=\"text-align: justify;\">\u00cen tot acest r\u0103stimp, Preasfin\u0163ia Sa a desf\u0103\u015furat o intens\u0103 activitate duhovniceasc\u0103 \u015fi administrativ\u0103, \u00eent\u0103rind ob\u015ftea monahilor, cre\u00e2nd o comunitate de credincio\u015fi bine \u00eenchegat\u0103, construind un paraclis, st\u0103re\u0163ia, arhondaricul, trapeza \u015fi chiliile \u015fi restaur\u00e2nd vechea incint\u0103.<\/p>\n<p style=\"text-align: justify;\">\u00cen paralel cu aceast\u0103 trud\u0103, Preasfin\u0163ia Sa \u015fi-a continuat studiile, urm\u00e2nd cursurile de masterat ale aceleia\u015fi facult\u0103\u0163i, la sec\u0163ia <em>\u201eDoctrin\u0103 \u015fi cultur\u0103\u201d.<\/em><\/p>\n<p style=\"text-align: justify;\">Lucrarea de dizerta\u0163ie,<em> Palamism \u015fi secularizare<\/em> a fost redactat\u0103 sub \u00eendrumarea vrednicului de pomenire Pr. Acad. Dumitru Popescu.<\/p>\n<p style=\"text-align: justify;\">Pentru meritele deosebite depuse \u00een slujba Bisericii, Preasfin\u0163ia Sa prime\u015fte \u00een anul 1999 rangul de Protosinghel, \u00een acela\u015fi an fiind admis \u015fi la cursurile de doctorat ale Facult\u0103\u0163ii de Teologie Ortodox\u0103 din Salonic, cu un proiect despre problema unia\u0163iei transilv\u0103nene. Munca de cercetare va fi \u00eencununat\u0103 prin sus\u0163inerea lucr\u0103rii cu titlul <em>Considerarea istoric\u0103 a cauzelor \u015fi consecin\u0163elor unirii Bisericii Ortodoxe din Transilvania cu Biserica Romano-Catolic\u0103<\/em>, sub \u00eendrumarea \u015ftiin\u0163ific\u0103 a Prof. Dr. Apostolos Glavinas, sus\u0163inut\u0103 pe 3 martie 2005. Comisia, format\u0103 din opt prestigio\u015fi profesori greci va acorda acestei lucr\u0103ri calificativul <em>Arista (excep\u0163ional)<\/em> propun\u00e2nd publicarea ei.<\/p>\n<p style=\"text-align: justify;\">\u00cen ziua de 4 octombrie 2000, la propunerea vrednicului de pomenire P\u0103rinte Patriarh Teoctist, a fost ales \u00een func\u0163ia de episcop vicar patriarhal, cu titulatura <em>\u201eSinaitul\u201d,<\/em> de c\u0103tre Sf\u00e2ntul Sinod al Bisericii Ortodoxe Rom\u00e2ne, hirotonia av\u00e2nd loc la data de <em>15 octombrie 2000<\/em>.<\/p>\n<p style=\"text-align: justify;\"><a href=\"https:\/\/www.giurgiuveanul.ro\/stiri\/wp-content\/uploads\/2016\/04\/giurgiu_ierarh_0.jpg\"><img loading=\"lazy\" decoding=\"async\" class=\"aligncenter size-large wp-image-29012\" src=\"https:\/\/www.giurgiuveanul.ro\/stiri\/wp-content\/uploads\/2016\/04\/giurgiu_ierarh_0-560x376.jpg\" alt=\"giurgiu_ierarh_0\" width=\"560\" height=\"376\" srcset=\"https:\/\/www.giurgiuveanul.ro\/stiri\/wp-content\/uploads\/2016\/04\/giurgiu_ierarh_0-560x376.jpg 560w, https:\/\/www.giurgiuveanul.ro\/stiri\/wp-content\/uploads\/2016\/04\/giurgiu_ierarh_0-250x168.jpg 250w, https:\/\/www.giurgiuveanul.ro\/stiri\/wp-content\/uploads\/2016\/04\/giurgiu_ierarh_0-400x269.jpg 400w, https:\/\/www.giurgiuveanul.ro\/stiri\/wp-content\/uploads\/2016\/04\/giurgiu_ierarh_0.jpg 700w\" sizes=\"auto, (max-width: 560px) 100vw, 560px\" \/><\/a><\/p>\n<p style=\"text-align: justify;\">\u00cen aceast\u0103 calitate, a coordonat \u015fi \u00eendrumat, conform deciziei patriarhale, urm\u0103toarele sectoare: <em>Rela\u0163ii Externe Biserice\u015fti, Comunit\u0103\u0163i Externe, \u00cenv\u0103\u0163\u0103m\u00e2nt, Biserica \u015fi Societatea, Diaconia, Biroul de Pres\u0103 \u015fi Biroul de Pelerinaje<\/em>.<\/p>\n<p style=\"text-align: justify;\">\u00cencep\u00e2nd din septembrie 2002, a primit spre coordonare <em>Sectorul Comunit\u0103\u0163i Externe, Sectorul Patrimoniu Na\u0163ional Bisericesc, Asocia\u0163ia Diaconia, A\u015fez\u0103m\u00e2ntul social \u201ePatriarhul Justinian Marina&#8221;, Biroul de Pelerinaje al Patriarhiei Rom\u00e2ne cu Agen\u0163ia de turism \u201ePelerinul\u201d, Centrul de Servicii al Patriarhiei<\/em>, precum \u015fi \u00eendrumarea activit\u0103\u0163ii <em>Schitului Darvari<\/em> din Bucure\u015fti.<\/p>\n<p style=\"text-align: justify;\"><em>\u00cen ziua de 8 februarie 2006, a fost ales \u00een demnitatea de Episcop al Giurgiului de c\u0103tre Colegiul Electoral Bisericesc, \u00eentrunit sub pre\u015fedin\u0163ia vrednicului de pomenire P\u0103rinte Patriarh Teoctist \u015fi \u00eentronizat \u00een ziua de 9 aprilie \u00een Catedrala Episcopal\u0103 \u201eAdormirea Macii Domnului\u201d din Giurgiu.<\/em><\/p>\n<p style=\"text-align: justify;\">\u00cen demnitatea de Episcop al Giurgiului, Preasfin\u0163ia Sa desf\u0103\u015foar\u0103 o activitate deosebit\u0103 \u00een plan pastoral, misionar, cultural \u015fi social-filantropic, slujind lui Dumnezeu \u015fi oamenilor, av\u00e2nd \u00een minte \u015fi \u00een inim\u0103, bucuria slujirii, bucurie care izvor\u0103\u015fte din iubire pentru Domnul nostru Iisus Hristos, Cel r\u0103stignit \u015fi \u00cenviat.<\/p>\n<p style=\"text-align: justify;\"><a href=\"https:\/\/www.giurgiuveanul.ro\/stiri\/wp-content\/uploads\/2016\/04\/Episcopul-Ambrozie-cu-patriarhul-Daniel-la-Giurgiu.jpg\"><img loading=\"lazy\" decoding=\"async\" class=\"aligncenter size-full wp-image-29013\" src=\"https:\/\/www.giurgiuveanul.ro\/stiri\/wp-content\/uploads\/2016\/04\/Episcopul-Ambrozie-cu-patriarhul-Daniel-la-Giurgiu.jpg\" alt=\"Episcopul Ambrozie cu patriarhul Daniel la Giurgiu\" width=\"405\" height=\"421\" srcset=\"https:\/\/www.giurgiuveanul.ro\/stiri\/wp-content\/uploads\/2016\/04\/Episcopul-Ambrozie-cu-patriarhul-Daniel-la-Giurgiu.jpg 405w, https:\/\/www.giurgiuveanul.ro\/stiri\/wp-content\/uploads\/2016\/04\/Episcopul-Ambrozie-cu-patriarhul-Daniel-la-Giurgiu-250x260.jpg 250w, https:\/\/www.giurgiuveanul.ro\/stiri\/wp-content\/uploads\/2016\/04\/Episcopul-Ambrozie-cu-patriarhul-Daniel-la-Giurgiu-400x416.jpg 400w\" sizes=\"auto, (max-width: 405px) 100vw, 405px\" \/><\/a><\/p>\n<p style=\"text-align: justify;\"><em>Ast\u0103zi, la <strong>\u00eemplinirea a 47 de ani de la na<\/strong><strong>\u0219<\/strong><strong>terea Preasfin\u021bitului P\u0103rinte Ambrozie, Episcopul Giurgiului,<\/strong> Permanen\u0163a Consiliului Eparhial, clerul \u015fi credincio\u015fii \u00eenal\u0163\u0103 rug\u0103ciuni c\u0103tre Bunul Dumnezeu s\u0103 d\u0103ruiasc\u0103 Preasfin\u0163iei Sale deplin\u0103 s\u0103n\u0103tate, ani mul\u0163i \u015fi buni, pentru a sluji cu aceea\u015fi dragoste, \u00een\u0163elepciune \u015fi d\u0103ruire Biserica lui Hristos \u015fi poporul dreptcredincios.<\/em><\/p>\n<p style=\"text-align: justify;\"><strong>\u00ceNTRU MUL\u0162I \u015eI FERICI\u0162I ANI, PREASFIN\u0162IA VOASTR\u0102!<\/strong><\/p>\n","protected":false},"excerpt":{"rendered":"<p>Ast\u0103zi, 20 aprilie, \u00cent\u00e2ist\u0103t\u0103torul eparhiei noastre, Preasfin\u0163itul P\u0103rinte Episcop Ambrozie aniverseaz\u0103 \u00eemplinirea v\u00e2rstei de 47 de ani. Preasfin\u0163ia Sa<\/p>\n","protected":false},"author":2,"featured_media":0,"comment_status":"open","ping_status":"open","sticky":false,"template":"","format":"standard","meta":{"footnotes":""},"categories":[16],"tags":[],"class_list":["post-29010","post","type-post","status-publish","format-standard","hentry","category-astazi-e-ziua-ta"],"_links":{"self":[{"href":"https:\/\/www.giurgiuveanul.ro\/stiri\/wp-json\/wp\/v2\/posts\/29010","targetHints":{"allow":["GET"]}}],"collection":[{"href":"https:\/\/www.giurgiuveanul.ro\/stiri\/wp-json\/wp\/v2\/posts"}],"about":[{"href":"https:\/\/www.giurgiuveanul.ro\/stiri\/wp-json\/wp\/v2\/types\/post"}],"author":[{"embeddable":true,"href":"https:\/\/www.giurgiuveanul.ro\/stiri\/wp-json\/wp\/v2\/users\/2"}],"replies":[{"embeddable":true,"href":"https:\/\/www.giurgiuveanul.ro\/stiri\/wp-json\/wp\/v2\/comments?post=29010"}],"version-history":[{"count":0,"href":"https:\/\/www.giurgiuveanul.ro\/stiri\/wp-json\/wp\/v2\/posts\/29010\/revisions"}],"wp:attachment":[{"href":"https:\/\/www.giurgiuveanul.ro\/stiri\/wp-json\/wp\/v2\/media?parent=29010"}],"wp:term":[{"taxonomy":"category","embeddable":true,"href":"https:\/\/www.giurgiuveanul.ro\/stiri\/wp-json\/wp\/v2\/categories?post=29010"},{"taxonomy":"post_tag","embeddable":true,"href":"https:\/\/www.giurgiuveanul.ro\/stiri\/wp-json\/wp\/v2\/tags?post=29010"}],"curies":[{"name":"wp","href":"https:\/\/api.w.org\/{rel}","templated":true}]}}