{"id":29082,"date":"2016-04-22T08:29:46","date_gmt":"2016-04-22T05:29:46","guid":{"rendered":"https:\/\/www.giurgiuveanul.ro\/stiri\/?p=29082"},"modified":"2016-04-22T08:29:46","modified_gmt":"2016-04-22T05:29:46","slug":"atentie-la-neatentie","status":"publish","type":"post","link":"https:\/\/www.giurgiuveanul.ro\/stiri\/atentie-la-neatentie\/","title":{"rendered":"Aten\u0163ie&#8230; la neaten\u0163ie!"},"content":{"rendered":"<p style=\"text-align: justify;\"><a href=\"https:\/\/www.giurgiuveanul.ro\/stiri\/wp-content\/uploads\/2016\/03\/accident-giurgiu-.jpg\"><img loading=\"lazy\" decoding=\"async\" class=\"aligncenter size-large wp-image-28010\" src=\"https:\/\/www.giurgiuveanul.ro\/stiri\/wp-content\/uploads\/2016\/03\/accident-giurgiu--560x253.jpg\" alt=\"accident-giurgiu-\" width=\"560\" height=\"253\" srcset=\"https:\/\/www.giurgiuveanul.ro\/stiri\/wp-content\/uploads\/2016\/03\/accident-giurgiu--560x253.jpg 560w, https:\/\/www.giurgiuveanul.ro\/stiri\/wp-content\/uploads\/2016\/03\/accident-giurgiu--250x113.jpg 250w, https:\/\/www.giurgiuveanul.ro\/stiri\/wp-content\/uploads\/2016\/03\/accident-giurgiu--400x181.jpg 400w, https:\/\/www.giurgiuveanul.ro\/stiri\/wp-content\/uploads\/2016\/03\/accident-giurgiu-.jpg 620w\" sizes=\"auto, (max-width: 560px) 100vw, 560px\" \/><\/a>Un nefericit eveniment rutier s-a \u00eent\u00e2mplat,<!--more--> recent, pe Drumul Na\u021bional, \u00een afara localit\u0103\u021bii Slobozia. N. C., un b\u0103rbat de 63 de ani, din municipiul Giurgiu, \u00een timp ce circula\u00a0 pe biciclet\u0103 din direc\u021bia Malu c\u0103tre Slobozia, nu s-a asigurat corespunz\u0103tor la schimbarea direc\u021biei de mers, c\u0103tre st\u00e2nga, fiind lovit de o autoutilitar\u0103 condus\u0103 de N. V., un b\u0103rbat de 41 de ani din comuna Bragadiru, jude\u021bul Teleorman, care circula in aceea\u0219i direc\u021bie de mers.<\/p>\n<p style=\"text-align: justify;\">\u00cen urma accidentului a rezultat r\u0103nirea u\u0219oar\u0103 a biciclistului care a fost transportat la Spitalul Jude\u021bean Giurgiu f\u0103r\u0103 a r\u0103m\u00e2ne internat.<\/p>\n<p style=\"text-align: justify;\">Ambii participan\u021bi la trafic nu se aflau sub influenta b\u0103uturilor alcoolice.\u00a0 Poli\u021bi\u0219tii Biroului Rutier Giurgiu au deschis dosar penal pentru comiterea infrac\u021biunii de v\u0103t\u0103mare corporal\u0103 din culp\u0103<\/p>\n","protected":false},"excerpt":{"rendered":"<p>Un nefericit eveniment rutier s-a \u00eent\u00e2mplat,<\/p>\n","protected":false},"author":2,"featured_media":0,"comment_status":"open","ping_status":"open","sticky":false,"template":"","format":"standard","meta":{"footnotes":""},"categories":[8],"tags":[],"class_list":["post-29082","post","type-post","status-publish","format-standard","hentry","category-alert-news"],"_links":{"self":[{"href":"https:\/\/www.giurgiuveanul.ro\/stiri\/wp-json\/wp\/v2\/posts\/29082","targetHints":{"allow":["GET"]}}],"collection":[{"href":"https:\/\/www.giurgiuveanul.ro\/stiri\/wp-json\/wp\/v2\/posts"}],"about":[{"href":"https:\/\/www.giurgiuveanul.ro\/stiri\/wp-json\/wp\/v2\/types\/post"}],"author":[{"embeddable":true,"href":"https:\/\/www.giurgiuveanul.ro\/stiri\/wp-json\/wp\/v2\/users\/2"}],"replies":[{"embeddable":true,"href":"https:\/\/www.giurgiuveanul.ro\/stiri\/wp-json\/wp\/v2\/comments?post=29082"}],"version-history":[{"count":0,"href":"https:\/\/www.giurgiuveanul.ro\/stiri\/wp-json\/wp\/v2\/posts\/29082\/revisions"}],"wp:attachment":[{"href":"https:\/\/www.giurgiuveanul.ro\/stiri\/wp-json\/wp\/v2\/media?parent=29082"}],"wp:term":[{"taxonomy":"category","embeddable":true,"href":"https:\/\/www.giurgiuveanul.ro\/stiri\/wp-json\/wp\/v2\/categories?post=29082"},{"taxonomy":"post_tag","embeddable":true,"href":"https:\/\/www.giurgiuveanul.ro\/stiri\/wp-json\/wp\/v2\/tags?post=29082"}],"curies":[{"name":"wp","href":"https:\/\/api.w.org\/{rel}","templated":true}]}}